{"id":176977,"date":"2023-01-27T15:15:00","date_gmt":"2023-01-27T13:15:00","guid":{"rendered":"https:\/\/www.tucomarca.com\/wordpress\/segunda\/?p=176977"},"modified":"2023-01-27T19:32:08","modified_gmt":"2023-01-27T17:32:08","slug":"el-pleno-ratifica-el-plan-estrategico-zonal-de-servicios-sociales-del-ayuntamiento-de-cheste","status":"publish","type":"post","link":"https:\/\/www.tucomarca.com\/wordpress\/segunda\/el-pleno-ratifica-el-plan-estrategico-zonal-de-servicios-sociales-del-ayuntamiento-de-cheste\/","title":{"rendered":"El plenario ratifica el Plan estrat\u00e9gico zonal de Servicios Sociales del Ayuntamiento de Cheste"},"content":{"rendered":"\n<h4 class=\"wp-block-heading\">El pasado jueves, 26 de enero, el Pleno celebr\u00f3 una sesi\u00f3n ordinaria en la que se ratific\u00f3 el Plan estrat\u00e9gico zonal de Servicios Sociales del Ayuntamiento de Cheste.&nbsp;<\/h4>\n\n\n\n<figure class=\"wp-block-image size-large\"><img loading=\"lazy\" decoding=\"async\" width=\"1024\" height=\"350\" src=\"https:\/\/www.tucomarca.com\/wordpress\/segunda\/wp-content\/uploads\/2023\/01\/Cheste_PlenoEnero2023_7-1024x350.jpg\" alt=\"\" class=\"wp-image-176984\" srcset=\"https:\/\/www.tucomarca.com\/wordpress\/segunda\/wp-content\/uploads\/2023\/01\/Cheste_PlenoEnero2023_7-1024x350.jpg 1024w, https:\/\/www.tucomarca.com\/wordpress\/segunda\/wp-content\/uploads\/2023\/01\/Cheste_PlenoEnero2023_7-300x103.jpg 300w, https:\/\/www.tucomarca.com\/wordpress\/segunda\/wp-content\/uploads\/2023\/01\/Cheste_PlenoEnero2023_7-768x263.jpg 768w, https:\/\/www.tucomarca.com\/wordpress\/segunda\/wp-content\/uploads\/2023\/01\/Cheste_PlenoEnero2023_7.jpg 1181w\" sizes=\"auto, (max-width: 1024px) 100vw, 1024px\" \/><\/figure>\n\n\n\n<p>Tal y como explic\u00f3 la concejala de Bienestar Social, M\u00aa \u00c1ngeles Llorente, el equipo de Servicios Sociales contaba con un plazo de 21 meses para realizar dicho plan, que tendr\u00e1 una duraci\u00f3n de 4 a\u00f1os. El documento recoge datos sobre la poblaci\u00f3n, la situaci\u00f3n actual de paro y de vivienda, entre otros aspectos; as\u00ed como informaci\u00f3n sobre el Plan de intervenci\u00f3n de servicios sociales, el personal dedicado a ello, las personas usuarias atendidas y el grado de satisfacci\u00f3n con el servicio. \u201cFelicito en nombre de todo el Ayuntamiento al equipo de Servicios Sociales por el trabajo que han realizado para redactar el Plan; todo el m\u00e9rito es de ellos\u201d, manifestaba la concejala. \u201cGracias a este trabajo hemos visto que hay que continuar mejorando la coordinaci\u00f3n de los Servicios Sociales y trabajar en que la informaci\u00f3n acerca de este servicio llegue a la poblaci\u00f3n\u201d.<\/p>\n\n\n\n<p><strong>Otros puntos del Pleno<\/strong><\/p>\n\n\n\n<p>Por otra parte, se aprob\u00f3 el reconocimiento extrajudicial de cr\u00e9dito de dos expedientes, con los votos en contra del Partido Popular y del concejal no adscrito, Enrique Peinado. Tambi\u00e9n se ratific\u00f3 un\u00e1nimemente el Convenio de colaboraci\u00f3n para la adhesi\u00f3n de la Plataforma de Ciudades Inteligentes Connecta Val\u00e8ncia; y se aprob\u00f3 por unanimidad la pr\u00f3rroga del acuerdo de colaboraci\u00f3n entre LABORA Servicio Valenciano de Empleo y el Ayuntamiento para la prestaci\u00f3n conjunta de servicios de intermediaci\u00f3n laboral mediante el Punt Labora.&nbsp;<\/p>\n\n\n\n<p>Adem\u00e1s, se aprob\u00f3 solicitar a conseller\u00eda una felicitaci\u00f3n p\u00fablica para los y las polic\u00edas participantes en el operativo del GP 2022 y la propuesta de condecoraci\u00f3n con Distintivo Azul por parte del Consell a la direcci\u00f3n de dicho operativo. En este punto, la concejala de Seguridad, Tal\u00eda Rosell\u00f3, expres\u00f3 la intenci\u00f3n del Ayuntamiento de instar al Consell a realizar una felicitaci\u00f3n p\u00fablica a Protecci\u00f3n Civil. \u201cRecibimos a 120 personas voluntarias durante la celebraci\u00f3n del GP de Motociclismo, que adem\u00e1s de ofrecer su servicio, traen recursos muy necesarios para el operativo, como son las ambulancias. Por eso estamos estudiando la manera de que tambi\u00e9n reciban una felicitaci\u00f3n por su implicaci\u00f3n y trabajo\u201d, apuntaba Rosell\u00f3.<\/p>\n\n\n\n<p><strong>Pronunciamiento sobre la forma de gesti\u00f3n del departamento de Salud de Manises<\/strong><\/p>\n\n\n\n<p>El noveno punto del orden del d\u00eda fue presentado por la concejala de Sanidad y portavoz de Izquierda Unida, M\u00aa \u00c1ngeles Llorente, quien expuso la Solicitud de Pronunciamiento sobre la forma de gesti\u00f3n del departamento de salud de Manises emitida por la Junta de Personal de dicho departamento. La solicitud se resolvi\u00f3 con la pronunciaci\u00f3n por parte de PSOE, Izquierda Unida y Comprom\u00eds a favor de la reversi\u00f3n a una gesti\u00f3n p\u00fablica y con la abstenci\u00f3n a pronunciarse por parte del Partido Popular y del concejal no adscrito.<\/p>\n\n\n\n<p><strong>Mociones<\/strong><\/p>\n\n\n\n<p>Por \u00faltimo, se presentaron dos mociones por parte del portavoz de Comprom\u00eds, Jos\u00e9 Vicente Guijarro. La primera expresaba el desacuerdo del Ayuntamiento con el modelo de privatizaci\u00f3n de los departamentos de salud de la Sanidad P\u00fablica y se aprob\u00f3 con los votos a favor de IU, Comprom\u00eds y PSOE y con las abstenciones del Partido Popular y del concejal no adscrito.&nbsp;<\/p>\n\n\n\n<p>La segunda moci\u00f3n instaba al gobierno a exigir a la Uni\u00f3n Europea que se proh\u00edban las importaciones de productos agr\u00edcolas procedentes de Turqu\u00eda y Egipto mientras no se apliquen las mismas restricciones en cuanto al uso de fitosanitarios que se aplican a los estados miembros de la UE; as\u00ed como a exigir a la UE que implemente un tratamiento en fr\u00edo unificado para todas las importaciones agr\u00edcolas de terceros pa\u00edses siguiendo el sistema requerido en los pa\u00edses miembros de la UE para la exportaci\u00f3n a otros pa\u00edses. Esta moci\u00f3n se aprob\u00f3 por unanimidad.<\/p>\n\n\n\n<p><strong>M\u00e1s informaci\u00f3n sobre el proyecto Connecta Val\u00e8ncia<\/strong><\/p>\n\n\n\n<p>El proyecto Connecta Val\u00e8ncia, Territorio Tur\u00edstico Inteligente y Sostenible cuenta con la financiaci\u00f3n de Red.es y de la Diputaci\u00f3n y persigue los objetivos de incrementar y mejorar la red de comunicaciones y la captaci\u00f3n de datos mediante la implantaci\u00f3n de sensores y puntos wifi; mejorar la capacidad del sistema de recepci\u00f3n, integraci\u00f3n, an\u00e1lisis y protecci\u00f3n de datos; compartir los datos con los actores p\u00fablicos y privados de los sectores implicados; y ofrecer informaci\u00f3n al ciudadano y visitante mediante apps, paneles y otros dispositivos. \u201cEs un proyecto pionero en Espa\u00f1a que dotar\u00e1 a los municipios de una infraestructura para medir la movilidad tur\u00edstica y tambi\u00e9n su impacto ambiental para despu\u00e9s poder analizar los datos\u201d, explicaba el alcalde.<\/p>\n","protected":false},"excerpt":{"rendered":"<div class=\"mh-excerpt\">El pasado jueves, 26 de enero, el Pleno celebr\u00f3 una sesi\u00f3n ordinaria en la que se ratific\u00f3 el Plan estrat\u00e9gico zonal de Servicios Sociales del Ayuntamiento de Cheste.&nbsp; Tal y como explic\u00f3 la concejala de <a class=\"mh-excerpt-more\" href=\"https:\/\/www.tucomarca.com\/wordpress\/segunda\/el-pleno-ratifica-el-plan-estrategico-zonal-de-servicios-sociales-del-ayuntamiento-de-cheste\/\" title=\"El plenario ratifica el Plan estrat\u00e9gico zonal de Servicios Sociales del Ayuntamiento de Cheste\">[+] <\/a><\/div>\n","protected":false},"author":12,"featured_media":176982,"comment_status":"open","ping_status":"open","sticky":false,"template":"","format":"standard","meta":{"footnotes":""},"categories":[17,128,8,10,142,3],"tags":[339,5952,604],"class_list":{"0":"post-176977","1":"post","2":"type-post","3":"status-publish","4":"format-standard","5":"has-post-thumbnail","7":"category-cheste","8":"category-infraestructuras","9":"category-la-comarca","10":"category-la-hoya","11":"category-politica-la-comarca","12":"category-seccion","13":"tag-cheste-2","14":"tag-la-hoya-de-bunol-chiva","15":"tag-servicios-sociales"},"_links":{"self":[{"href":"https:\/\/www.tucomarca.com\/wordpress\/segunda\/wp-json\/wp\/v2\/posts\/176977","targetHints":{"allow":["GET"]}}],"collection":[{"href":"https:\/\/www.tucomarca.com\/wordpress\/segunda\/wp-json\/wp\/v2\/posts"}],"about":[{"href":"https:\/\/www.tucomarca.com\/wordpress\/segunda\/wp-json\/wp\/v2\/types\/post"}],"author":[{"embeddable":true,"href":"https:\/\/www.tucomarca.com\/wordpress\/segunda\/wp-json\/wp\/v2\/users\/12"}],"replies":[{"embeddable":true,"href":"https:\/\/www.tucomarca.com\/wordpress\/segunda\/wp-json\/wp\/v2\/comments?post=176977"}],"version-history":[{"count":0,"href":"https:\/\/www.tucomarca.com\/wordpress\/segunda\/wp-json\/wp\/v2\/posts\/176977\/revisions"}],"wp:featuredmedia":[{"embeddable":true,"href":"https:\/\/www.tucomarca.com\/wordpress\/segunda\/wp-json\/wp\/v2\/media\/176982"}],"wp:attachment":[{"href":"https:\/\/www.tucomarca.com\/wordpress\/segunda\/wp-json\/wp\/v2\/media?parent=176977"}],"wp:term":[{"taxonomy":"category","embeddable":true,"href":"https:\/\/www.tucomarca.com\/wordpress\/segunda\/wp-json\/wp\/v2\/categories?post=176977"},{"taxonomy":"post_tag","embeddable":true,"href":"https:\/\/www.tucomarca.com\/wordpress\/segunda\/wp-json\/wp\/v2\/tags?post=176977"}],"curies":[{"name":"wp","href":"https:\/\/api.w.org\/{rel}","templated":true}]}}