{"id":177142,"date":"2023-01-30T09:00:00","date_gmt":"2023-01-30T07:00:00","guid":{"rendered":"https:\/\/www.tucomarca.com\/wordpress\/segunda\/?p=177142"},"modified":"2023-01-30T21:03:26","modified_gmt":"2023-01-30T19:03:26","slug":"arranca-la-semana-del-arbol-en-cheste","status":"publish","type":"post","link":"https:\/\/www.tucomarca.com\/wordpress\/segunda\/arranca-la-semana-del-arbol-en-cheste\/","title":{"rendered":"Arranca la Semana del \u00c1rbol en Cheste"},"content":{"rendered":"\n<p>Desde hoy hasta el viernes d\u00eda 3 de febrero se celebrar\u00e1 en Cheste la Semana del \u00c1rbol, unas jornadas de educaci\u00f3n ambiental dirigidas a alumnado de los centros educativos promovidas desde la concejal\u00eda de Medio Ambiente, en colaboraci\u00f3n con las \u00e1reas de Educaci\u00f3n y Servicios.<\/p>\n\n\n\n<p>Durante toda la semana, alumnado de 4\u00ba de Primaria los colegios de Cheste, de la guarder\u00eda Menuts y del Centro de Formaci\u00f3n de Personas Adultas realizar\u00e1n talleres que incluir\u00e1n la plantaci\u00f3n de distintas especies aut\u00f3ctonas. \u201cEl objetivo de esta semana es concienciar sobre la importancia de los \u00e1rboles y que conozcan su estructura y sus cuidados\u201d, explicaba la educadora ambiental Sandra Fraile. \u201cComo novedad este a\u00f1o, el alumnado del Centro de Formaci\u00f3n de Personas Adultas plantar\u00e1 varios ejemplares de arom\u00e1ticas que ha adquirido el Ayuntamiento\u201d.<\/p>\n\n\n\n<p>\u201cDesde la concejal\u00eda de Medio Ambiente estamos realizando distintos talleres a lo largo de todo el a\u00f1o porque consideramos que son una herramienta muy valiosa para informar y concienciar a la poblaci\u00f3n de forma pr\u00e1ctica y l\u00fadica. La celebraci\u00f3n de la Semana del \u00c1rbol es una m\u00e1s de las acciones que se realizan desde esta \u00e1rea municipal para lograr que la poblaci\u00f3n apueste por la sostenibilidad y por el respeto del entorno natural\u201d, ha manifestado el concejal, David Pujals.<\/p>\n\n\n\n<p><strong>Primera jornada<\/strong><\/p>\n\n\n\n<figure class=\"wp-block-gallery has-nested-images columns-2 is-cropped wp-block-gallery-1 is-layout-flex wp-block-gallery-is-layout-flex\">\n<figure class=\"wp-block-image size-large\"><img loading=\"lazy\" decoding=\"async\" width=\"886\" height=\"591\" data-id=\"177144\" src=\"https:\/\/www.tucomarca.com\/wordpress\/segunda\/wp-content\/uploads\/2023\/01\/Cheste_SemanaArbol_8.jpg\" alt=\"\" class=\"wp-image-177144\" srcset=\"https:\/\/www.tucomarca.com\/wordpress\/segunda\/wp-content\/uploads\/2023\/01\/Cheste_SemanaArbol_8.jpg 886w, https:\/\/www.tucomarca.com\/wordpress\/segunda\/wp-content\/uploads\/2023\/01\/Cheste_SemanaArbol_8-300x200.jpg 300w, https:\/\/www.tucomarca.com\/wordpress\/segunda\/wp-content\/uploads\/2023\/01\/Cheste_SemanaArbol_8-768x512.jpg 768w\" sizes=\"auto, (max-width: 886px) 100vw, 886px\" \/><\/figure>\n\n\n\n<figure class=\"wp-block-image size-large\"><img loading=\"lazy\" decoding=\"async\" width=\"886\" height=\"591\" data-id=\"177148\" src=\"https:\/\/www.tucomarca.com\/wordpress\/segunda\/wp-content\/uploads\/2023\/01\/Cheste_SemanaArbol_7.jpg\" alt=\"\" class=\"wp-image-177148\" srcset=\"https:\/\/www.tucomarca.com\/wordpress\/segunda\/wp-content\/uploads\/2023\/01\/Cheste_SemanaArbol_7.jpg 886w, https:\/\/www.tucomarca.com\/wordpress\/segunda\/wp-content\/uploads\/2023\/01\/Cheste_SemanaArbol_7-300x200.jpg 300w, https:\/\/www.tucomarca.com\/wordpress\/segunda\/wp-content\/uploads\/2023\/01\/Cheste_SemanaArbol_7-768x512.jpg 768w\" sizes=\"auto, (max-width: 886px) 100vw, 886px\" \/><\/figure>\n\n\n\n<figure class=\"wp-block-image size-large\"><img loading=\"lazy\" decoding=\"async\" width=\"886\" height=\"591\" data-id=\"177146\" src=\"https:\/\/www.tucomarca.com\/wordpress\/segunda\/wp-content\/uploads\/2023\/01\/Cheste_SemanaArbol_10.jpg\" alt=\"\" class=\"wp-image-177146\" srcset=\"https:\/\/www.tucomarca.com\/wordpress\/segunda\/wp-content\/uploads\/2023\/01\/Cheste_SemanaArbol_10.jpg 886w, https:\/\/www.tucomarca.com\/wordpress\/segunda\/wp-content\/uploads\/2023\/01\/Cheste_SemanaArbol_10-300x200.jpg 300w, https:\/\/www.tucomarca.com\/wordpress\/segunda\/wp-content\/uploads\/2023\/01\/Cheste_SemanaArbol_10-768x512.jpg 768w\" sizes=\"auto, (max-width: 886px) 100vw, 886px\" \/><\/figure>\n<\/figure>\n\n\n\n<p>Esta ma\u00f1ana ya han participado 20 alumnos y alumnas el CEIP Francisco Giner de los R\u00edos, quienes se han desplazado hasta el vivieron municipal para recibir una charla sobre las especies aut\u00f3ctonas y las especies invasoras a cargo de las t\u00e9cnicas del departamento de Medio Ambiente del Ayuntamiento. Tambi\u00e9n han intervenido en la sesi\u00f3n el t\u00e9cnico de arbolado y jardiner\u00eda sostenible y el podador del Ayuntamiento y personal de jardiner\u00eda.<\/p>\n\n\n\n<p>Como cada a\u00f1o, tras la charla, los ni\u00f1os y ni\u00f1as han aprendido a plantar un \u00e1rbol, preparando la maceta y colocando la tierra. Adem\u00e1s, han realizado el transplante de distintos pinos a una maceta de mayor tama\u00f1o, ejemplares que en un futuro ser\u00e1n plantados en zonas verdes de la localidad.&nbsp;<\/p>\n\n\n\n<p>Tal y como han explicado desde la organizaci\u00f3n, la celebraci\u00f3n de la Semana del \u00c1rbol se reserva para 4\u00ba curso en los colegios, de manera que todos los ni\u00f1os y ni\u00f1as tengan la experiencia una vez durante su paso por la etapa de Educaci\u00f3n Primaria. \u201cAunque es la primera vez que este grupo realiza la actividad, la mayor\u00eda sab\u00eda hacer muchas cosas de las que han realizado hoy. Creo que ha sido una experiencia positiva, ya que, aunque muchos conocieran el proceso, el hecho de hacerlo de forma pr\u00e1ctica y presencial es la mejor manera para que puedan interiorizarlo\u201d, ha apuntado la maestra Lourdes Alomar.<\/p>\n\n\n\n<p>Todas las personas participantes han recibido una bolsa con una taza, una gorra, una cantimplora y una libreta, con la imagen de Cheste Verde.<\/p>\n","protected":false},"excerpt":{"rendered":"<div class=\"mh-excerpt\">Desde hoy hasta el viernes d\u00eda 3 de febrero se celebrar\u00e1 en Cheste la Semana del \u00c1rbol, unas jornadas de educaci\u00f3n ambiental dirigidas a alumnado de los centros educativos promovidas desde la concejal\u00eda de Medio <a class=\"mh-excerpt-more\" href=\"https:\/\/www.tucomarca.com\/wordpress\/segunda\/arranca-la-semana-del-arbol-en-cheste\/\" title=\"Arranca la Semana del \u00c1rbol en Cheste\">[+] <\/a><\/div>\n","protected":false},"author":12,"featured_media":177150,"comment_status":"open","ping_status":"open","sticky":false,"template":"","format":"gallery","meta":{"footnotes":""},"categories":[17,8,10,117,142,3],"tags":[17359,339,13679,5952,16348],"class_list":{"0":"post-177142","1":"post","2":"type-post","3":"status-publish","4":"format-gallery","5":"has-post-thumbnail","7":"category-cheste","8":"category-la-comarca","9":"category-la-hoya","10":"category-medio-ambiente-la-comarca","11":"category-politica-la-comarca","12":"category-seccion","13":"tag-ceip-francisco-giner-de-los-rios","14":"tag-cheste-2","15":"tag-cheste-verde","16":"tag-la-hoya-de-bunol-chiva","17":"tag-semana-del-arbol","18":"post_format-post-format-gallery"},"_links":{"self":[{"href":"https:\/\/www.tucomarca.com\/wordpress\/segunda\/wp-json\/wp\/v2\/posts\/177142","targetHints":{"allow":["GET"]}}],"collection":[{"href":"https:\/\/www.tucomarca.com\/wordpress\/segunda\/wp-json\/wp\/v2\/posts"}],"about":[{"href":"https:\/\/www.tucomarca.com\/wordpress\/segunda\/wp-json\/wp\/v2\/types\/post"}],"author":[{"embeddable":true,"href":"https:\/\/www.tucomarca.com\/wordpress\/segunda\/wp-json\/wp\/v2\/users\/12"}],"replies":[{"embeddable":true,"href":"https:\/\/www.tucomarca.com\/wordpress\/segunda\/wp-json\/wp\/v2\/comments?post=177142"}],"version-history":[{"count":0,"href":"https:\/\/www.tucomarca.com\/wordpress\/segunda\/wp-json\/wp\/v2\/posts\/177142\/revisions"}],"wp:featuredmedia":[{"embeddable":true,"href":"https:\/\/www.tucomarca.com\/wordpress\/segunda\/wp-json\/wp\/v2\/media\/177150"}],"wp:attachment":[{"href":"https:\/\/www.tucomarca.com\/wordpress\/segunda\/wp-json\/wp\/v2\/media?parent=177142"}],"wp:term":[{"taxonomy":"category","embeddable":true,"href":"https:\/\/www.tucomarca.com\/wordpress\/segunda\/wp-json\/wp\/v2\/categories?post=177142"},{"taxonomy":"post_tag","embeddable":true,"href":"https:\/\/www.tucomarca.com\/wordpress\/segunda\/wp-json\/wp\/v2\/tags?post=177142"}],"curies":[{"name":"wp","href":"https:\/\/api.w.org\/{rel}","templated":true}]}}