{"id":17728,"date":"2013-09-06T20:46:04","date_gmt":"2013-09-06T17:46:04","guid":{"rendered":"http:\/\/www.tucomarca.com\/wordpress\/segunda\/?p=17728"},"modified":"2013-09-06T20:46:11","modified_gmt":"2013-09-06T17:46:11","slug":"la-ofrenda-floral-y-la-procesion-a-la-patrona-centran-los-actos-del-fin-de-semana-en-chiva","status":"publish","type":"post","link":"https:\/\/www.tucomarca.com\/wordpress\/segunda\/la-ofrenda-floral-y-la-procesion-a-la-patrona-centran-los-actos-del-fin-de-semana-en-chiva\/","title":{"rendered":"La Ofrenda Floral y la Procesi\u00f3n a la Patrona centran los actos del fin de semana en Chiva"},"content":{"rendered":"<figure id=\"attachment_17729\" aria-describedby=\"caption-attachment-17729\" style=\"width: 224px\" class=\"wp-caption alignleft\"><a rel=\"attachment wp-att-17729\" href=\"https:\/\/www.tucomarca.com\/wordpress\/segunda\/?attachment_id=17729\"><img loading=\"lazy\" decoding=\"async\" class=\"size-medium wp-image-17729\" title=\"Morenica\" src=\"https:\/\/www.tucomarca.com\/wordpress\/segunda\/wp-content\/uploads\/2013\/09\/Morenica-224x300.jpg\" alt=\"\" width=\"224\" height=\"300\" srcset=\"https:\/\/www.tucomarca.com\/wordpress\/segunda\/wp-content\/uploads\/2013\/09\/Morenica-224x300.jpg 224w, https:\/\/www.tucomarca.com\/wordpress\/segunda\/wp-content\/uploads\/2013\/09\/Morenica-767x1024.jpg 767w, https:\/\/www.tucomarca.com\/wordpress\/segunda\/wp-content\/uploads\/2013\/09\/Morenica-1024x1365.jpg 1024w, https:\/\/www.tucomarca.com\/wordpress\/segunda\/wp-content\/uploads\/2013\/09\/Morenica.jpg 1181w\" sizes=\"auto, (max-width: 224px) 100vw, 224px\" \/><\/a><figcaption id=\"caption-attachment-17729\" class=\"wp-caption-text\">Imagen de la patrona de Chiva. tc.c<\/figcaption><\/figure>\n<p>El fin de semana llega cargado de actos muy emotivos para los chivanos. La Ofrenda Floral y la Solemne Procesi\u00f3n de Nuestra Sant\u00edsima Virgen del Castillo centran la programaci\u00f3n de estos d\u00edas.<\/p>\n<p>&nbsp;<\/p>\n<p>El s\u00e1bado 7 de septiembre a las 19.30h, el pueblo de Chiva participar\u00e1 de lleno en la tradicional Ofrenda de Flores, sin duda, un acto emotivo que pone de manifiesto el inequ\u00edvoco calor y el fervor que sentimos los chivanos hacia nuestra Patrona.<\/p>\n<p>El desfile comenzar\u00e1 en la Avenida de la Estaci\u00f3n y discurrir\u00e1 hasta la Plaza de Enrique Ponce donde depositaremos nuestras flores en se\u00f1al de la fe y devoci\u00f3n que despierta entre todos los chivanos la imagen de nuestra Morenica. Por la noche, disfrutaremos de la Gran Verbena del Mant\u00f3n en la Plaza de la Constituci\u00f3n.<\/p>\n<p>Pero ser\u00e1 el domingo 8 de Septiembre cuando celebraremos el D\u00eda Grande de nuestras Fiestas, el d\u00eda de Nuestra Patrona. El volteo de campanas y las salvas dar\u00e1n la bienvenida a este d\u00eda tan especial para los chivanos. A las 12h tendr\u00e1 lugar la Misa Solemne cantada por la Coral Polif\u00f3nica Virgen del Castillo. Posteriormente, se realizar\u00e1 la tradicional Fiesta de la Flor cuya recaudaci\u00f3n ir\u00e1 destinada a fines ben\u00e9ficos.<\/p>\n<p>A las 14.30h disfrutaremos de una masclet\u00e1 en la Plaza de la Constituci\u00f3n y ya por la tarde, llegar\u00e1 uno de los momentos m\u00e1s esperados. La Solemne Procesi\u00f3n de Nuestra Sant\u00edsima Virgen del Castillo que culminar\u00e1 con un castillo de fuegos artificiales.<\/p>\n<p>Sin duda, un intenso fin de semana para vivirlo junto a nuestros familiares, amigos y vecinos.<\/p>\n","protected":false},"excerpt":{"rendered":"<div class=\"mh-excerpt\">El fin de semana llega cargado de actos muy emotivos para los chivanos. La Ofrenda Floral y la Solemne Procesi\u00f3n de Nuestra Sant\u00edsima Virgen del Castillo centran la programaci\u00f3n de estos d\u00edas. &nbsp; El s\u00e1bado <a class=\"mh-excerpt-more\" href=\"https:\/\/www.tucomarca.com\/wordpress\/segunda\/la-ofrenda-floral-y-la-procesion-a-la-patrona-centran-los-actos-del-fin-de-semana-en-chiva\/\" title=\"La Ofrenda Floral y la Procesi\u00f3n a la Patrona centran los actos del fin de semana en Chiva\">[+] <\/a><\/div>\n","protected":false},"author":2,"featured_media":17729,"comment_status":"open","ping_status":"open","sticky":false,"template":"","format":"standard","meta":{"footnotes":""},"categories":[4,16,10,3],"tags":[],"class_list":{"0":"post-17728","1":"post","2":"type-post","3":"status-publish","4":"format-standard","5":"has-post-thumbnail","7":"category-agenda","8":"category-chiva","9":"category-la-hoya","10":"category-seccion"},"_links":{"self":[{"href":"https:\/\/www.tucomarca.com\/wordpress\/segunda\/wp-json\/wp\/v2\/posts\/17728","targetHints":{"allow":["GET"]}}],"collection":[{"href":"https:\/\/www.tucomarca.com\/wordpress\/segunda\/wp-json\/wp\/v2\/posts"}],"about":[{"href":"https:\/\/www.tucomarca.com\/wordpress\/segunda\/wp-json\/wp\/v2\/types\/post"}],"author":[{"embeddable":true,"href":"https:\/\/www.tucomarca.com\/wordpress\/segunda\/wp-json\/wp\/v2\/users\/2"}],"replies":[{"embeddable":true,"href":"https:\/\/www.tucomarca.com\/wordpress\/segunda\/wp-json\/wp\/v2\/comments?post=17728"}],"version-history":[{"count":0,"href":"https:\/\/www.tucomarca.com\/wordpress\/segunda\/wp-json\/wp\/v2\/posts\/17728\/revisions"}],"wp:featuredmedia":[{"embeddable":true,"href":"https:\/\/www.tucomarca.com\/wordpress\/segunda\/wp-json\/wp\/v2\/media\/17729"}],"wp:attachment":[{"href":"https:\/\/www.tucomarca.com\/wordpress\/segunda\/wp-json\/wp\/v2\/media?parent=17728"}],"wp:term":[{"taxonomy":"category","embeddable":true,"href":"https:\/\/www.tucomarca.com\/wordpress\/segunda\/wp-json\/wp\/v2\/categories?post=17728"},{"taxonomy":"post_tag","embeddable":true,"href":"https:\/\/www.tucomarca.com\/wordpress\/segunda\/wp-json\/wp\/v2\/tags?post=17728"}],"curies":[{"name":"wp","href":"https:\/\/api.w.org\/{rel}","templated":true}]}}