{"id":177304,"date":"2023-02-02T12:00:00","date_gmt":"2023-02-02T11:00:00","guid":{"rendered":"https:\/\/www.tucomarca.com\/wordpress\/segunda\/?p=177304"},"modified":"2023-02-02T13:07:27","modified_gmt":"2023-02-02T12:07:27","slug":"la-guardia-civil-detiene-al-atracador-de-una-gasolinera-en-la-localidad-de-naquera","status":"publish","type":"post","link":"https:\/\/www.tucomarca.com\/wordpress\/segunda\/la-guardia-civil-detiene-al-atracador-de-una-gasolinera-en-la-localidad-de-naquera\/","title":{"rendered":"<strong>La Guardia Civil detiene al atracador de una gasolinera en la localidad de N\u00e1quera<\/strong>"},"content":{"rendered":"\n<h3 class=\"wp-block-heading\"><strong>El autor utilizaba un arma blanca de grandes dimensiones para la comisi\u00f3n de los hechos<\/strong><\/h3>\n\n\n\n<h3 class=\"wp-block-heading\"><strong>En el registro domiciliario efectuado se encontr\u00f3 la vestimenta utilizada para la comisi\u00f3n de los robos, as\u00ed como el veh\u00edculo en el que el autor se trasladaba durante los mismos<\/strong><\/h3>\n\n\n\n<p>La Guardia Civil de Valencia ha detenido al autor de varios robos con fuerza cometidos en la localidad de N\u00e1quera. El autor portaba un cuchillo de grandes dimensiones para la comisi\u00f3n de los hechos.&nbsp;<\/p>\n\n\n\n<p>La Operaci\u00f3n \u2018PURPLE KNIFE\u2019 comenz\u00f3 el pasado mes de noviembre, tras tener conocimiento&nbsp; de la comisi\u00f3n de 2 robos con violencia en una gasolinera de la localidad de N\u00e1quera, empleando un arma blanca. En ambos hechos, el autor asalt\u00f3 el mismo establecimiento en las horas previas al cierre y empu\u00f1ando un cuchillo de grandes dimensiones con el que amenazaba a la empleada para que introdujese la recaudaci\u00f3n del d\u00eda en la mochila que \u00e9l mismo portaba. El autor ocultaba su rostro y sus manos para no ser identificado, huyendo a pie del lugar.&nbsp;<\/p>\n\n\n\n<p>Tras una ardua investigaci\u00f3n por parte de los agentes, se llega a la conclusi\u00f3n de que el autor reside en una vivienda cercana al lugar de la comisi\u00f3n de los hechos, por lo que se intensifica la labor preventiva en dicha zona.&nbsp;<\/p>\n\n\n\n<p>Con los datos obtenidos hasta el momento, la Guardia Civil de Valencia, en colaboraci\u00f3n con la Polic\u00eda Local de N\u00e1quera, se realizan servicios de identificaci\u00f3n de veh\u00edculos y personas, dando como resultado, tras varios meses de b\u00fasqueda, a un hombre que re\u00fane las caracter\u00edsticas del autor de los hechos. Tras verificar que se trata del mismo y efectuar un registro domiciliario, en el cual se localizan las prendas de ropa utilizadas en la comisi\u00f3n de los hechos y el veh\u00edculo en el que se trasladaba, se procede a su detenci\u00f3n el 23 de enero en N\u00e1quera.&nbsp;<\/p>\n\n\n\n<p>El detenido es un hombre de 44 a\u00f1os y de nacionalidad espa\u00f1ola a quien se le imputan 2 delitos de robo con violencia e intimidaci\u00f3n.<\/p>\n\n\n\n<p>Las diligencias han sido entregadas en el Juzgado de Primera Instancia e Instrucci\u00f3n N\u00famero 4 de Ll\u00edria.&nbsp;<\/p>\n\n\n\n<figure class=\"wp-block-image size-large\"><img loading=\"lazy\" decoding=\"async\" width=\"1024\" height=\"576\" src=\"https:\/\/www.tucomarca.com\/wordpress\/segunda\/wp-content\/uploads\/2023\/02\/Naquera2GC-1024x576.jpg\" alt=\"\" class=\"wp-image-177316\" srcset=\"https:\/\/www.tucomarca.com\/wordpress\/segunda\/wp-content\/uploads\/2023\/02\/Naquera2GC-1024x576.jpg 1024w, https:\/\/www.tucomarca.com\/wordpress\/segunda\/wp-content\/uploads\/2023\/02\/Naquera2GC-300x169.jpg 300w, https:\/\/www.tucomarca.com\/wordpress\/segunda\/wp-content\/uploads\/2023\/02\/Naquera2GC-768x432.jpg 768w, https:\/\/www.tucomarca.com\/wordpress\/segunda\/wp-content\/uploads\/2023\/02\/Naquera2GC-1536x864.jpg 1536w, https:\/\/www.tucomarca.com\/wordpress\/segunda\/wp-content\/uploads\/2023\/02\/Naquera2GC-678x381.jpg 678w, https:\/\/www.tucomarca.com\/wordpress\/segunda\/wp-content\/uploads\/2023\/02\/Naquera2GC.jpg 1920w\" sizes=\"auto, (max-width: 1024px) 100vw, 1024px\" \/><\/figure>\n","protected":false},"excerpt":{"rendered":"<div class=\"mh-excerpt\">El autor utilizaba un arma blanca de grandes dimensiones para la comisi\u00f3n de los hechos En el registro domiciliario efectuado se encontr\u00f3 la vestimenta utilizada para la comisi\u00f3n de los robos, as\u00ed como el veh\u00edculo <a class=\"mh-excerpt-more\" href=\"https:\/\/www.tucomarca.com\/wordpress\/segunda\/la-guardia-civil-detiene-al-atracador-de-una-gasolinera-en-la-localidad-de-naquera\/\" title=\"La Guardia Civil detiene al atracador de una gasolinera en la localidad de N\u00e1quera\">[+] <\/a><\/div>\n","protected":false},"author":1,"featured_media":177314,"comment_status":"open","ping_status":"open","sticky":false,"template":"","format":"standard","meta":{"footnotes":""},"categories":[172,46,128,8,3,116,45],"tags":[10395,1098,10436,33],"class_list":{"0":"post-177304","1":"post","2":"type-post","3":"status-publish","4":"format-standard","5":"has-post-thumbnail","7":"category-benaguasil","8":"category-camp-de-turia","9":"category-infraestructuras","10":"category-la-comarca","11":"category-seccion","12":"category-sucesos-la-comarca","13":"category-ventana","14":"tag-camp-de-turia","15":"tag-guardia-civil","16":"tag-naquera","17":"tag-sucesos"},"_links":{"self":[{"href":"https:\/\/www.tucomarca.com\/wordpress\/segunda\/wp-json\/wp\/v2\/posts\/177304","targetHints":{"allow":["GET"]}}],"collection":[{"href":"https:\/\/www.tucomarca.com\/wordpress\/segunda\/wp-json\/wp\/v2\/posts"}],"about":[{"href":"https:\/\/www.tucomarca.com\/wordpress\/segunda\/wp-json\/wp\/v2\/types\/post"}],"author":[{"embeddable":true,"href":"https:\/\/www.tucomarca.com\/wordpress\/segunda\/wp-json\/wp\/v2\/users\/1"}],"replies":[{"embeddable":true,"href":"https:\/\/www.tucomarca.com\/wordpress\/segunda\/wp-json\/wp\/v2\/comments?post=177304"}],"version-history":[{"count":0,"href":"https:\/\/www.tucomarca.com\/wordpress\/segunda\/wp-json\/wp\/v2\/posts\/177304\/revisions"}],"wp:featuredmedia":[{"embeddable":true,"href":"https:\/\/www.tucomarca.com\/wordpress\/segunda\/wp-json\/wp\/v2\/media\/177314"}],"wp:attachment":[{"href":"https:\/\/www.tucomarca.com\/wordpress\/segunda\/wp-json\/wp\/v2\/media?parent=177304"}],"wp:term":[{"taxonomy":"category","embeddable":true,"href":"https:\/\/www.tucomarca.com\/wordpress\/segunda\/wp-json\/wp\/v2\/categories?post=177304"},{"taxonomy":"post_tag","embeddable":true,"href":"https:\/\/www.tucomarca.com\/wordpress\/segunda\/wp-json\/wp\/v2\/tags?post=177304"}],"curies":[{"name":"wp","href":"https:\/\/api.w.org\/{rel}","templated":true}]}}