{"id":17732,"date":"2013-09-06T18:04:58","date_gmt":"2013-09-06T15:04:58","guid":{"rendered":"http:\/\/www.tucomarca.com\/wordpress\/segunda\/?p=17732"},"modified":"2013-09-06T18:05:06","modified_gmt":"2013-09-06T15:05:06","slug":"arrancan-las-actividades-en-la-%c2%abllar-jove%c2%bb-de-la-pobla-de-vallbona","status":"publish","type":"post","link":"https:\/\/www.tucomarca.com\/wordpress\/segunda\/arrancan-las-actividades-en-la-%c2%abllar-jove%c2%bb-de-la-pobla-de-vallbona\/","title":{"rendered":"Arrancan las actividades en la \u00abLlar Jove\u00bb de la Pobla de Vallbona"},"content":{"rendered":"<p><figure id=\"attachment_17733\" aria-describedby=\"caption-attachment-17733\" style=\"width: 300px\" class=\"wp-caption alignleft\"><a href=\"https:\/\/www.tucomarca.com\/wordpress\/segunda\/?attachment_id=17733\" rel=\"attachment wp-att-17733\"><img loading=\"lazy\" decoding=\"async\" src=\"https:\/\/www.tucomarca.com\/wordpress\/segunda\/wp-content\/uploads\/2013\/09\/llar-jove-300x200.jpg\" alt=\"\" title=\"llar jove\" width=\"300\" height=\"200\" class=\"size-medium wp-image-17733\" srcset=\"https:\/\/www.tucomarca.com\/wordpress\/segunda\/wp-content\/uploads\/2013\/09\/llar-jove-300x200.jpg 300w, https:\/\/www.tucomarca.com\/wordpress\/segunda\/wp-content\/uploads\/2013\/09\/llar-jove-1024x683.jpg 1024w, https:\/\/www.tucomarca.com\/wordpress\/segunda\/wp-content\/uploads\/2013\/09\/llar-jove.jpg 1772w\" sizes=\"auto, (max-width: 300px) 100vw, 300px\" \/><\/a><figcaption id=\"caption-attachment-17733\" class=\"wp-caption-text\">Llar Jove de La Pobla de Vallbona. tc.c<\/figcaption><\/figure>La \u2018Llar Jove\u2019 de la Pobla de Vallbona ha dado comienzo ya a su calendario de actividades. Se han programado actividades y cursos hasta el final de a\u00f1o, y ya se est\u00e1n elaborando las programaciones del pr\u00f3ximo.<br \/>\nLa programaci\u00f3n de este a\u00f1o comenz\u00f3 el pasado lunes, con las clases de Zumba. Se realizan los lunes y los jueves. Este lunes comenzar\u00e1 el curso de dise\u00f1o gr\u00e1fico, que se prolongar\u00e1 hasta el 20 de septiembre. El 13 de este mes comenzar\u00e1 el curso de \u2018Habilidades sociales y resoluci\u00f3n de conflictos como recurso del MTL\u2019, curso homologado impartido por Accent hasta el 27. Los d\u00edas 23 y 25 se celebrar\u00e1 el taller de curr\u00edculum digital.<br \/>\nPara el mes de octubre quedar\u00e1n los cursos de chino, alem\u00e1n y guitarra, el curso de 30 horas de monitor en actividades de educaci\u00f3n medioambiental, el taller de cocina y maquillaje joven y el curso de relajaci\u00f3n guiada \u2018Mindfulness\u2019. Tambi\u00e9n volver\u00e1 el \u2018English coffee\u2019 para mejorar el ingl\u00e9s, y se celebrar\u00e1 un viaje a Port Aventura.<br \/>\nAdem\u00e1s, para los meses de noviembre y diciembre ya se ha programado el curso de animador infantil y los talleres de \u2018Cupcakes y Fondant\u2019, y de cocina navide\u00f1a. Las inscripciones se pueden realizar en la Llar Jove de lunes a viernes de 16:30 a 20.30.<\/p>\n","protected":false},"excerpt":{"rendered":"<div class=\"mh-excerpt\">La \u2018Llar Jove\u2019 de la Pobla de Vallbona ha dado comienzo ya a su calendario de actividades. Se han programado actividades y cursos hasta el final de a\u00f1o, y ya se est\u00e1n elaborando las programaciones <a class=\"mh-excerpt-more\" href=\"https:\/\/www.tucomarca.com\/wordpress\/segunda\/arrancan-las-actividades-en-la-%c2%abllar-jove%c2%bb-de-la-pobla-de-vallbona\/\" title=\"Arrancan las actividades en la \u00abLlar Jove\u00bb de la Pobla de Vallbona\">[+] <\/a><\/div>\n","protected":false},"author":2,"featured_media":17733,"comment_status":"open","ping_status":"open","sticky":false,"template":"","format":"standard","meta":{"footnotes":""},"categories":[46,8,174,3],"tags":[1506,10430,1743],"class_list":{"0":"post-17732","1":"post","2":"type-post","3":"status-publish","4":"format-standard","5":"has-post-thumbnail","7":"category-camp-de-turia","8":"category-la-comarca","9":"category-la-pobla","10":"category-seccion","11":"tag-actividades","12":"tag-la-pobla","13":"tag-llar-jove"},"_links":{"self":[{"href":"https:\/\/www.tucomarca.com\/wordpress\/segunda\/wp-json\/wp\/v2\/posts\/17732","targetHints":{"allow":["GET"]}}],"collection":[{"href":"https:\/\/www.tucomarca.com\/wordpress\/segunda\/wp-json\/wp\/v2\/posts"}],"about":[{"href":"https:\/\/www.tucomarca.com\/wordpress\/segunda\/wp-json\/wp\/v2\/types\/post"}],"author":[{"embeddable":true,"href":"https:\/\/www.tucomarca.com\/wordpress\/segunda\/wp-json\/wp\/v2\/users\/2"}],"replies":[{"embeddable":true,"href":"https:\/\/www.tucomarca.com\/wordpress\/segunda\/wp-json\/wp\/v2\/comments?post=17732"}],"version-history":[{"count":0,"href":"https:\/\/www.tucomarca.com\/wordpress\/segunda\/wp-json\/wp\/v2\/posts\/17732\/revisions"}],"wp:featuredmedia":[{"embeddable":true,"href":"https:\/\/www.tucomarca.com\/wordpress\/segunda\/wp-json\/wp\/v2\/media\/17733"}],"wp:attachment":[{"href":"https:\/\/www.tucomarca.com\/wordpress\/segunda\/wp-json\/wp\/v2\/media?parent=17732"}],"wp:term":[{"taxonomy":"category","embeddable":true,"href":"https:\/\/www.tucomarca.com\/wordpress\/segunda\/wp-json\/wp\/v2\/categories?post=17732"},{"taxonomy":"post_tag","embeddable":true,"href":"https:\/\/www.tucomarca.com\/wordpress\/segunda\/wp-json\/wp\/v2\/tags?post=17732"}],"curies":[{"name":"wp","href":"https:\/\/api.w.org\/{rel}","templated":true}]}}