{"id":177334,"date":"2023-02-02T10:00:00","date_gmt":"2023-02-02T09:00:00","guid":{"rendered":"https:\/\/www.tucomarca.com\/wordpress\/segunda\/?p=177334"},"modified":"2023-02-02T19:13:17","modified_gmt":"2023-02-02T18:13:17","slug":"la-diputacion-publica-el-libro-el-movimiento-obrero-en-la-hoya-de-bunol-chiva-1872-1976","status":"publish","type":"post","link":"https:\/\/www.tucomarca.com\/wordpress\/segunda\/la-diputacion-publica-el-libro-el-movimiento-obrero-en-la-hoya-de-bunol-chiva-1872-1976\/","title":{"rendered":"La Diputaci\u00f3n publica el libro \u2018El movimiento obrero en la Hoya de Bu\u00f1ol-Chiva (1872-1976)\u2019"},"content":{"rendered":"\n<h4 class=\"wp-block-heading\">Bu\u00f1ol ha acogido la presentaci\u00f3n de la obra del autor Federico Verdet, que ha sido publicada por el \u00e1rea provincial de Cultura dentro de la colecci\u00f3n \u2018Bocins\u2019<\/h4>\n\n\n\n<p>La sala de Cultura El Mercado de Bu\u00f1ol ha acogido la presentaci\u00f3n del libro \u2018El movimiento obrero en la Hoya de Bu\u00f1ol-Chiva, (1872-1976)\u2019, obra de Federico Verdet publicada por el \u00e1rea de Cultura de la Diputaci\u00f3 de Val\u00e8ncia dentro de la colecci\u00f3n \u2018Bocins\u2019.&nbsp;<\/p>\n\n\n\n<p>El acto cont\u00f3 con la bienvenida del diputado de Cultura, Xavier Rius, la alcaldesa de Bu\u00f1ol, Juncal Carrascosa, y la presentaci\u00f3n de Andreu Gin\u00e9s. Rius record\u00f3 que \u2018Bocins\u2019 es una propuesta divulgativa de la historia local y de personajes relevantes valencianos que encuentran en esta colecci\u00f3n su espacio editorial por la especificidad de su tem\u00e1tica.<\/p>\n\n\n\n<p>El libro hace un recorrido pormenorizado en torno a la historia social y pol\u00edtica de una comarca, con una presencia significativa y siempre muy activa del movimiento obrero, la influencia de sindicatos y partidos pol\u00edticos en d\u00e9cadas convulsas, y las luchas de los movimientos obreros para conseguir mejoras para los trabajadores y trabajadoras.<\/p>\n\n\n\n<p>El libro es el ejemplo palpable de una excelente y exhaustiva investigaci\u00f3n, pueblo a pueblo, del recorrido que tuvo el movimiento-obrero en la Hoya de Bu\u00f1ol-Chiva desde bien entrado el siglo XIX hasta la desaparici\u00f3n de la dictadura franquista, todo ello presentado con un lenguaje claro y ameno que har\u00e1 disfrutar a los lectores.<\/p>\n","protected":false},"excerpt":{"rendered":"<div class=\"mh-excerpt\">Bu\u00f1ol ha acogido la presentaci\u00f3n de la obra del autor Federico Verdet, que ha sido publicada por el \u00e1rea provincial de Cultura dentro de la colecci\u00f3n \u2018Bocins\u2019 La sala de Cultura El Mercado de Bu\u00f1ol <a class=\"mh-excerpt-more\" href=\"https:\/\/www.tucomarca.com\/wordpress\/segunda\/la-diputacion-publica-el-libro-el-movimiento-obrero-en-la-hoya-de-bunol-chiva-1872-1976\/\" title=\"La Diputaci\u00f3n publica el libro \u2018El movimiento obrero en la Hoya de Bu\u00f1ol-Chiva (1872-1976)\u2019\">[+] <\/a><\/div>\n","protected":false},"author":12,"featured_media":177336,"comment_status":"open","ping_status":"open","sticky":false,"template":"","format":"standard","meta":{"footnotes":""},"categories":[18,8,10,142,3],"tags":[10385,4013,5952],"class_list":{"0":"post-177334","1":"post","2":"type-post","3":"status-publish","4":"format-standard","5":"has-post-thumbnail","7":"category-bunol","8":"category-la-comarca","9":"category-la-hoya","10":"category-politica-la-comarca","11":"category-seccion","12":"tag-bunol","13":"tag-diputacion-de-valencia","14":"tag-la-hoya-de-bunol-chiva"},"_links":{"self":[{"href":"https:\/\/www.tucomarca.com\/wordpress\/segunda\/wp-json\/wp\/v2\/posts\/177334","targetHints":{"allow":["GET"]}}],"collection":[{"href":"https:\/\/www.tucomarca.com\/wordpress\/segunda\/wp-json\/wp\/v2\/posts"}],"about":[{"href":"https:\/\/www.tucomarca.com\/wordpress\/segunda\/wp-json\/wp\/v2\/types\/post"}],"author":[{"embeddable":true,"href":"https:\/\/www.tucomarca.com\/wordpress\/segunda\/wp-json\/wp\/v2\/users\/12"}],"replies":[{"embeddable":true,"href":"https:\/\/www.tucomarca.com\/wordpress\/segunda\/wp-json\/wp\/v2\/comments?post=177334"}],"version-history":[{"count":0,"href":"https:\/\/www.tucomarca.com\/wordpress\/segunda\/wp-json\/wp\/v2\/posts\/177334\/revisions"}],"wp:featuredmedia":[{"embeddable":true,"href":"https:\/\/www.tucomarca.com\/wordpress\/segunda\/wp-json\/wp\/v2\/media\/177336"}],"wp:attachment":[{"href":"https:\/\/www.tucomarca.com\/wordpress\/segunda\/wp-json\/wp\/v2\/media?parent=177334"}],"wp:term":[{"taxonomy":"category","embeddable":true,"href":"https:\/\/www.tucomarca.com\/wordpress\/segunda\/wp-json\/wp\/v2\/categories?post=177334"},{"taxonomy":"post_tag","embeddable":true,"href":"https:\/\/www.tucomarca.com\/wordpress\/segunda\/wp-json\/wp\/v2\/tags?post=177334"}],"curies":[{"name":"wp","href":"https:\/\/api.w.org\/{rel}","templated":true}]}}