{"id":17740,"date":"2013-09-06T20:46:39","date_gmt":"2013-09-06T17:46:39","guid":{"rendered":"http:\/\/www.tucomarca.com\/wordpress\/segunda\/?p=17740"},"modified":"2013-09-06T20:46:39","modified_gmt":"2013-09-06T17:46:39","slug":"actos-en-honor-a-la-virgen-de-los-dolores-en-bunol","status":"publish","type":"post","link":"https:\/\/www.tucomarca.com\/wordpress\/segunda\/actos-en-honor-a-la-virgen-de-los-dolores-en-bunol\/","title":{"rendered":"Actos en honor a la Virgen de los Dolores en Bu\u00f1ol"},"content":{"rendered":"<p>Este fin de semana se celebran los actos organizados por la Cofrad\u00eda Virgen de los Dolores de Bu\u00f1ol. Este viernes se ha convocado oraci\u00f3n a las 19 horas, misa media hora m\u00e1s tarde y un mon\u00f3logo en la Plaza Ventas a las 22,30 horas.<br \/>\nEl s\u00e1bado 7 hay convocado chocolate con San Blas a las 18 horas, oraci\u00f3n y misa a partir de las 19 horas y cena de hermandad en el colegio Sagrada Familia a partir de las 21,30 horas amenizada por el grupo Nostalgia.<br \/>\nEl domingo continuar\u00e1n las celebraciones en honor a la Virgen de los Desamparados con el pasacalle desde el colegio Sagrada Familia a la parroquia, para continuar con la misa y la masclet\u00e0 en la Plaza de Las Ventas. Una comida de fraternidad cerrar\u00e1 la primera mitad del d\u00eda. El fin de semana se dar\u00e1 por finalizado en lo festivo con la solemne procesi\u00f3n y el preceptivo castillo de fuegos artificiales.<\/p>\n","protected":false},"excerpt":{"rendered":"<div class=\"mh-excerpt\">Este fin de semana se celebran los actos organizados por la Cofrad\u00eda Virgen de los Dolores de Bu\u00f1ol. Este viernes se ha convocado oraci\u00f3n a las 19 horas, misa media hora m\u00e1s tarde y un <a class=\"mh-excerpt-more\" href=\"https:\/\/www.tucomarca.com\/wordpress\/segunda\/actos-en-honor-a-la-virgen-de-los-dolores-en-bunol\/\" title=\"Actos en honor a la Virgen de los Dolores en Bu\u00f1ol\">[+] <\/a><\/div>\n","protected":false},"author":2,"featured_media":0,"comment_status":"open","ping_status":"open","sticky":false,"template":"","format":"standard","meta":{"footnotes":""},"categories":[4,3],"tags":[798,10385,1745,1744],"class_list":{"0":"post-17740","1":"post","2":"type-post","3":"status-publish","4":"format-standard","6":"category-agenda","7":"category-seccion","8":"tag-actos","9":"tag-bunol","10":"tag-dolores","11":"tag-virgen"},"_links":{"self":[{"href":"https:\/\/www.tucomarca.com\/wordpress\/segunda\/wp-json\/wp\/v2\/posts\/17740","targetHints":{"allow":["GET"]}}],"collection":[{"href":"https:\/\/www.tucomarca.com\/wordpress\/segunda\/wp-json\/wp\/v2\/posts"}],"about":[{"href":"https:\/\/www.tucomarca.com\/wordpress\/segunda\/wp-json\/wp\/v2\/types\/post"}],"author":[{"embeddable":true,"href":"https:\/\/www.tucomarca.com\/wordpress\/segunda\/wp-json\/wp\/v2\/users\/2"}],"replies":[{"embeddable":true,"href":"https:\/\/www.tucomarca.com\/wordpress\/segunda\/wp-json\/wp\/v2\/comments?post=17740"}],"version-history":[{"count":0,"href":"https:\/\/www.tucomarca.com\/wordpress\/segunda\/wp-json\/wp\/v2\/posts\/17740\/revisions"}],"wp:attachment":[{"href":"https:\/\/www.tucomarca.com\/wordpress\/segunda\/wp-json\/wp\/v2\/media?parent=17740"}],"wp:term":[{"taxonomy":"category","embeddable":true,"href":"https:\/\/www.tucomarca.com\/wordpress\/segunda\/wp-json\/wp\/v2\/categories?post=17740"},{"taxonomy":"post_tag","embeddable":true,"href":"https:\/\/www.tucomarca.com\/wordpress\/segunda\/wp-json\/wp\/v2\/tags?post=17740"}],"curies":[{"name":"wp","href":"https:\/\/api.w.org\/{rel}","templated":true}]}}