{"id":177444,"date":"2023-02-03T11:00:00","date_gmt":"2023-02-03T10:00:00","guid":{"rendered":"https:\/\/www.tucomarca.com\/wordpress\/segunda\/?p=177444"},"modified":"2023-02-03T14:36:51","modified_gmt":"2023-02-03T13:36:51","slug":"la-guardia-civil-investiga-al-responsable-de-un-siniestro-vial-con-un-autobus-en-la-pista-de-ademuz","status":"publish","type":"post","link":"https:\/\/www.tucomarca.com\/wordpress\/segunda\/la-guardia-civil-investiga-al-responsable-de-un-siniestro-vial-con-un-autobus-en-la-pista-de-ademuz\/","title":{"rendered":"La guardia civil investiga al responsable de un siniestro vial con un autob\u00fas en la Pista de Ademuz \u00a0"},"content":{"rendered":"\n<h3 class=\"wp-block-heading\"><strong>El conductor investigado colision\u00f3 por alcance contra un autob\u00fas en la CV-35 dio positivo en las pruebas de alcoholemia<\/strong><\/h3>\n\n\n\n<h3 class=\"wp-block-heading\"><strong>Se le han imputado cuatro delitos de lesiones por imprudencia grave y uno contra la seguridad vial<\/strong><\/h3>\n\n\n\n<p>Efectivos del Subsector de Tr\u00e1fico de la Guardia Civil de Valencia han investigado a un conductor de 34 a\u00f1os que sobre la medianoche del d\u00eda 19 de noviembre pasado, cuando circulaba con un turismo en la autov\u00eda CV-35 (Pista de Ademuz), colision\u00f3 por alcance, contra un autob\u00fas en el que viajaban 11 personas.<\/p>\n\n\n\n<p>Los Agentes de la Guardia Civil tras se\u00f1alizar el siniestro vial, atender a los heridos e implicados, realizaron las correspondientes pruebas de alcohol y drogas a los conductores, arrojando, el conductor del turismo, un resultado positivo en alcohol.<\/p>\n\n\n\n<p>En la investigaci\u00f3n posterior llevada a cabo por el Equipo de Atestados de la Agrupaci\u00f3n de Tr\u00e1fico, se ha determinado que de los once pasajeros del autob\u00fas, cuatro resultaron heridos de diversa gravedad, por lo que una vez finalizada la investigaci\u00f3n del siniestro vial y en el marco de la instrucci\u00f3n de las correspondientes diligencias, se ha procedido a investigar al autor supuesto responsable del siniestro, como presunto autor de los delitos de lesiones por imprudencia grave y contra la seguridad vial por conducir bajo la influencia de bebidas alcoh\u00f3licas, siendo remitidas las actuaciones al Juzgado de Instrucci\u00f3n de Ll\u00edria.<\/p>\n\n\n\n<p>El C\u00f3digo Penal prev\u00e9 penas por estos delitos que pueden alcanzar hasta seis meses de prisi\u00f3n, multa de hasta dieciocho meses y suspensi\u00f3n del derecho a conducir por un m\u00e1ximo de cuatro a\u00f1os.<\/p>\n","protected":false},"excerpt":{"rendered":"<div class=\"mh-excerpt\">El conductor investigado colision\u00f3 por alcance contra un autob\u00fas en la CV-35 dio positivo en las pruebas de alcoholemia Se le han imputado cuatro delitos de lesiones por imprudencia grave y uno contra la seguridad <a class=\"mh-excerpt-more\" href=\"https:\/\/www.tucomarca.com\/wordpress\/segunda\/la-guardia-civil-investiga-al-responsable-de-un-siniestro-vial-con-un-autobus-en-la-pista-de-ademuz\/\" title=\"La guardia civil investiga al responsable de un siniestro vial con un autob\u00fas en la Pista de Ademuz \u00a0\">[+] <\/a><\/div>\n","protected":false},"author":1,"featured_media":159616,"comment_status":"open","ping_status":"open","sticky":false,"template":"","format":"standard","meta":{"footnotes":""},"categories":[49,46,128,8,72,47,3,116,45],"tags":[10397,1098,33],"class_list":{"0":"post-177444","1":"post","2":"type-post","3":"status-publish","4":"format-standard","5":"has-post-thumbnail","7":"category-ademuz","8":"category-camp-de-turia","9":"category-infraestructuras","10":"category-la-comarca","11":"category-sin-categorizar","12":"category-lliria","13":"category-seccion","14":"category-sucesos-la-comarca","15":"category-ventana","16":"tag-ademuz","17":"tag-guardia-civil","18":"tag-sucesos"},"_links":{"self":[{"href":"https:\/\/www.tucomarca.com\/wordpress\/segunda\/wp-json\/wp\/v2\/posts\/177444","targetHints":{"allow":["GET"]}}],"collection":[{"href":"https:\/\/www.tucomarca.com\/wordpress\/segunda\/wp-json\/wp\/v2\/posts"}],"about":[{"href":"https:\/\/www.tucomarca.com\/wordpress\/segunda\/wp-json\/wp\/v2\/types\/post"}],"author":[{"embeddable":true,"href":"https:\/\/www.tucomarca.com\/wordpress\/segunda\/wp-json\/wp\/v2\/users\/1"}],"replies":[{"embeddable":true,"href":"https:\/\/www.tucomarca.com\/wordpress\/segunda\/wp-json\/wp\/v2\/comments?post=177444"}],"version-history":[{"count":0,"href":"https:\/\/www.tucomarca.com\/wordpress\/segunda\/wp-json\/wp\/v2\/posts\/177444\/revisions"}],"wp:featuredmedia":[{"embeddable":true,"href":"https:\/\/www.tucomarca.com\/wordpress\/segunda\/wp-json\/wp\/v2\/media\/159616"}],"wp:attachment":[{"href":"https:\/\/www.tucomarca.com\/wordpress\/segunda\/wp-json\/wp\/v2\/media?parent=177444"}],"wp:term":[{"taxonomy":"category","embeddable":true,"href":"https:\/\/www.tucomarca.com\/wordpress\/segunda\/wp-json\/wp\/v2\/categories?post=177444"},{"taxonomy":"post_tag","embeddable":true,"href":"https:\/\/www.tucomarca.com\/wordpress\/segunda\/wp-json\/wp\/v2\/tags?post=177444"}],"curies":[{"name":"wp","href":"https:\/\/api.w.org\/{rel}","templated":true}]}}