{"id":177464,"date":"2023-02-03T16:00:00","date_gmt":"2023-02-03T15:00:00","guid":{"rendered":"https:\/\/www.tucomarca.com\/wordpress\/segunda\/?p=177464"},"modified":"2023-02-03T19:25:23","modified_gmt":"2023-02-03T18:25:23","slug":"la-diputacio-abordara-en-utiel-los-problemas-de-la-despoblacion-en-el-segundo-congreso-de-soluciones-para-el-medio-rural","status":"publish","type":"post","link":"https:\/\/www.tucomarca.com\/wordpress\/segunda\/la-diputacio-abordara-en-utiel-los-problemas-de-la-despoblacion-en-el-segundo-congreso-de-soluciones-para-el-medio-rural\/","title":{"rendered":"<strong>La Diputaci\u00f3 abordar\u00e1 en Utiel los problemas de la despoblaci\u00f3n en el segundo congreso de soluciones para el medio rural&nbsp;<\/strong>"},"content":{"rendered":"\n<h3 class=\"wp-block-heading\"><strong>El \u00e1rea de Desarrollo Rural y Pol\u00edticas contra la Despoblaci\u00f3n organiza la segunda edici\u00f3n del encuentro que servir\u00e1 para analizar propuestas novedosas sobre el reto demogr\u00e1fico<\/strong><\/h3>\n\n\n\n<h3 class=\"wp-block-heading\"><strong>Concebido como una jornada de trabajo, y dirigido por el&nbsp; comunicador Manuel Campo Vidal, el congreso reunir\u00e1 a emprendedores, instituciones p\u00fablicas y medios de comunicaci\u00f3n&nbsp;<\/strong><\/h3>\n\n\n\n<p>La segunda edici\u00f3n del Congreso de soluciones para el medio rural, que se celebrar\u00e1 en la Casa de la Cultura de Utiel el pr\u00f3ximo 24 de febrero, abordar\u00e1 el fen\u00f3meno de la despoblaci\u00f3n, con la mirada puesta especialmente en los municipios de interior de la provincia de Valencia.<\/p>\n\n\n\n<p>La jornada, impulsada por la Diputaci\u00f3 de Val\u00e8ncia a trav\u00e9s del \u00e1rea de Desarrollo Rural y Pol\u00edticas contra la Despoblaci\u00f3n, y organizada por Next Educaci\u00f3n, estar\u00e1 dirigida por el comunicador Manuel Campo Vidal, y reunir\u00e1 a personas emprendedoras, representantes de las instituciones p\u00fablicas y periodistas de los principales medios que tratan a diario informaci\u00f3n municipal y comarcal.<\/p>\n\n\n\n<p>As\u00ed, adem\u00e1s del presidente de la instituci\u00f3n provincial, Toni Gaspar, y el diputado de Desarrollo Rural y Pol\u00edticas contra la Despoblaci\u00f3n, Ramiro Rivera, est\u00e1 prevista la presencia de otros cargos de la administraci\u00f3n p\u00fablica. como la delegada del Gobierno en la Comunitat Valenciana, Pilar Bernab\u00e9; la secretaria auton\u00f3mica de Cohesi\u00f3n Territorial y Pol\u00edticas contra el Despoblamiento,&nbsp;Elena Cebri\u00e1n<strong>; <\/strong>la Directora General de la Agencia Valenciana Antidespoblamiento (AVANT), Jeanette Segarra; o el Secretario General para el Reto Demogr\u00e1fico del Gobierno de Espa\u00f1a, Francesc Boya; entre otros.<\/p>\n\n\n\n<p>Durante el encuentro, se tratar\u00e1n temas como el modelo de Territorio Rural Inteligente, las comunidades energ\u00e9ticas locales, las pol\u00edticas sociales centradas en las personas mayores, o el papel de las instituciones p\u00fablicas y las personas emprendedoras en el modelo socioecon\u00f3mico de los municipios despoblados.<\/p>\n\n\n\n<p>La jornada incluye tambi\u00e9n una mesa redonda que analizar\u00e1 el papel de la informaci\u00f3n sobre el mundo rural desde la perspectiva de los medios de comunicaci\u00f3n, como agentes relevantes a la hora de poner el foco medi\u00e1tico en el reto demogr\u00e1fico.<\/p>\n\n\n\n<p>El evento se podr\u00e1 seguir de manera presencial o telem\u00e1tica, mediante una retransmisi\u00f3n en directo por streaming. En ambos casos, la informaci\u00f3n y el formulario de inscripci\u00f3n est\u00e1 disponible en la p\u00e1gina web <a href=\"https:\/\/formacion.nexteducacion.com\/foros_de_debate\/ii-congreso-de-soluciones-inteligentes-para-el-medio-rural\/\">https:\/\/formacion.nexteducacion.com\/foros_de_debate\/ii-congreso-de-soluciones-inteligentes-para-el-medio-rural\/<\/a>.<\/p>\n\n\n\n<p>El Congreso de soluciones para el medio rural de Utiel supone la consolidaci\u00f3n de este formato de trabajo, que el a\u00f1o pasado celebr\u00f3 su primera edici\u00f3n en Villar del Arzobispo, con m\u00e1s de 400 personas inscritas.<\/p>\n\n\n\n<p><\/p>\n\n\n\n<p><\/p>\n\n\n\n<p><\/p>\n\n\n\n<p><\/p>\n\n\n\n<p><br><\/p>\n","protected":false},"excerpt":{"rendered":"<div class=\"mh-excerpt\">El \u00e1rea de Desarrollo Rural y Pol\u00edticas contra la Despoblaci\u00f3n organiza la segunda edici\u00f3n del encuentro que servir\u00e1 para analizar propuestas novedosas sobre el reto demogr\u00e1fico Concebido como una jornada de trabajo, y dirigido por <a class=\"mh-excerpt-more\" href=\"https:\/\/www.tucomarca.com\/wordpress\/segunda\/la-diputacio-abordara-en-utiel-los-problemas-de-la-despoblacion-en-el-segundo-congreso-de-soluciones-para-el-medio-rural\/\" title=\"La Diputaci\u00f3 abordar\u00e1 en Utiel los problemas de la despoblaci\u00f3n en el segundo congreso de soluciones para el medio rural&nbsp;\">[+] <\/a><\/div>\n","protected":false},"author":1,"featured_media":177465,"comment_status":"open","ping_status":"open","sticky":false,"template":"","format":"standard","meta":{"footnotes":""},"categories":[4,128,8,142,27,3,29],"tags":[3677,10387,10389],"class_list":{"0":"post-177464","1":"post","2":"type-post","3":"status-publish","4":"format-standard","5":"has-post-thumbnail","7":"category-agenda","8":"category-infraestructuras","9":"category-la-comarca","10":"category-politica-la-comarca","11":"category-requena-utiel","12":"category-seccion","13":"category-utiel","14":"tag-diputacio-de-valencia","15":"tag-requena-utiel","16":"tag-utiel"},"_links":{"self":[{"href":"https:\/\/www.tucomarca.com\/wordpress\/segunda\/wp-json\/wp\/v2\/posts\/177464","targetHints":{"allow":["GET"]}}],"collection":[{"href":"https:\/\/www.tucomarca.com\/wordpress\/segunda\/wp-json\/wp\/v2\/posts"}],"about":[{"href":"https:\/\/www.tucomarca.com\/wordpress\/segunda\/wp-json\/wp\/v2\/types\/post"}],"author":[{"embeddable":true,"href":"https:\/\/www.tucomarca.com\/wordpress\/segunda\/wp-json\/wp\/v2\/users\/1"}],"replies":[{"embeddable":true,"href":"https:\/\/www.tucomarca.com\/wordpress\/segunda\/wp-json\/wp\/v2\/comments?post=177464"}],"version-history":[{"count":0,"href":"https:\/\/www.tucomarca.com\/wordpress\/segunda\/wp-json\/wp\/v2\/posts\/177464\/revisions"}],"wp:featuredmedia":[{"embeddable":true,"href":"https:\/\/www.tucomarca.com\/wordpress\/segunda\/wp-json\/wp\/v2\/media\/177465"}],"wp:attachment":[{"href":"https:\/\/www.tucomarca.com\/wordpress\/segunda\/wp-json\/wp\/v2\/media?parent=177464"}],"wp:term":[{"taxonomy":"category","embeddable":true,"href":"https:\/\/www.tucomarca.com\/wordpress\/segunda\/wp-json\/wp\/v2\/categories?post=177464"},{"taxonomy":"post_tag","embeddable":true,"href":"https:\/\/www.tucomarca.com\/wordpress\/segunda\/wp-json\/wp\/v2\/tags?post=177464"}],"curies":[{"name":"wp","href":"https:\/\/api.w.org\/{rel}","templated":true}]}}