{"id":17749,"date":"2013-09-09T12:09:45","date_gmt":"2013-09-09T09:09:45","guid":{"rendered":"http:\/\/www.tucomarca.com\/wordpress\/segunda\/?p=17749"},"modified":"2013-09-09T12:09:54","modified_gmt":"2013-09-09T09:09:54","slug":"se-abre-el-plazo-de-inscripcion-de-las-escuelas-deportivas-municipales-de-chiva","status":"publish","type":"post","link":"https:\/\/www.tucomarca.com\/wordpress\/segunda\/se-abre-el-plazo-de-inscripcion-de-las-escuelas-deportivas-municipales-de-chiva\/","title":{"rendered":"Se abre el plazo de inscripci\u00f3n de las Escuelas Deportivas Municipales de Chiva"},"content":{"rendered":"<p><a href=\"https:\/\/www.tucomarca.com\/wordpress\/segunda\/?attachment_id=17750\" rel=\"attachment wp-att-17750\"><img loading=\"lazy\" decoding=\"async\" src=\"https:\/\/www.tucomarca.com\/wordpress\/segunda\/wp-content\/uploads\/2013\/09\/Logo-EDM-240x300.jpg\" alt=\"\" title=\"Logo EDM\" width=\"240\" height=\"300\" class=\"alignleft size-medium wp-image-17750\" srcset=\"https:\/\/www.tucomarca.com\/wordpress\/segunda\/wp-content\/uploads\/2013\/09\/Logo-EDM-240x300.jpg 240w, https:\/\/www.tucomarca.com\/wordpress\/segunda\/wp-content\/uploads\/2013\/09\/Logo-EDM-821x1024.jpg 821w, https:\/\/www.tucomarca.com\/wordpress\/segunda\/wp-content\/uploads\/2013\/09\/Logo-EDM.jpg 887w\" sizes=\"auto, (max-width: 240px) 100vw, 240px\" \/><\/a>Las Escuelas Deportivas Municipales han abierto ya el periodo de inscripci\u00f3n. Un a\u00f1o m\u00e1s, el Ayuntamiento te da la oportunidad de seguir practicando tu deporte favorito o, bien, de probar en alguna de las modalidades que se ofertan.<\/p>\n<p>Aer\u00f3bic infantil, ajedrez, gimnasia r\u00edtmica, juegos psicomotrices, multideporte, orientaci\u00f3n, patinaje, pequebailes, pilates y senderismo son las disciplinas que podr\u00e1s practicar, una variada oferta para satisfacer todos los gustos.<\/p>\n<p>Las actividades comienzan el 1 de octubre y se desarrollar\u00e1n hasta el pr\u00f3ximo 30 de junio.<\/p>\n<p>El precio de la matr\u00edcula es de 10 \u20ac, (exentos los inscritos en el \u00faltimo trimestre del curso 12-13) y aplicable durante el primer trimestre del curso.<\/p>\n<p>Todos los interesados pueden formalizar la inscripci\u00f3n en el Ayuntamiento de Chiva, en el Punto de Atenci\u00f3n al Ciudadano -PAC-, de 9:00 a 14:00 horas.<\/p>\n","protected":false},"excerpt":{"rendered":"<div class=\"mh-excerpt\">Las Escuelas Deportivas Municipales han abierto ya el periodo de inscripci\u00f3n. Un a\u00f1o m\u00e1s, el Ayuntamiento te da la oportunidad de seguir practicando tu deporte favorito o, bien, de probar en alguna de las modalidades <a class=\"mh-excerpt-more\" href=\"https:\/\/www.tucomarca.com\/wordpress\/segunda\/se-abre-el-plazo-de-inscripcion-de-las-escuelas-deportivas-municipales-de-chiva\/\" title=\"Se abre el plazo de inscripci\u00f3n de las Escuelas Deportivas Municipales de Chiva\">[+] <\/a><\/div>\n","protected":false},"author":2,"featured_media":17750,"comment_status":"open","ping_status":"open","sticky":false,"template":"","format":"standard","meta":{"footnotes":""},"categories":[16,8,10,3],"tags":[10384,1667,1150,1589],"class_list":{"0":"post-17749","1":"post","2":"type-post","3":"status-publish","4":"format-standard","5":"has-post-thumbnail","7":"category-chiva","8":"category-la-comarca","9":"category-la-hoya","10":"category-seccion","11":"tag-chiva","12":"tag-escuelas","13":"tag-matricula","14":"tag-municipales"},"_links":{"self":[{"href":"https:\/\/www.tucomarca.com\/wordpress\/segunda\/wp-json\/wp\/v2\/posts\/17749","targetHints":{"allow":["GET"]}}],"collection":[{"href":"https:\/\/www.tucomarca.com\/wordpress\/segunda\/wp-json\/wp\/v2\/posts"}],"about":[{"href":"https:\/\/www.tucomarca.com\/wordpress\/segunda\/wp-json\/wp\/v2\/types\/post"}],"author":[{"embeddable":true,"href":"https:\/\/www.tucomarca.com\/wordpress\/segunda\/wp-json\/wp\/v2\/users\/2"}],"replies":[{"embeddable":true,"href":"https:\/\/www.tucomarca.com\/wordpress\/segunda\/wp-json\/wp\/v2\/comments?post=17749"}],"version-history":[{"count":0,"href":"https:\/\/www.tucomarca.com\/wordpress\/segunda\/wp-json\/wp\/v2\/posts\/17749\/revisions"}],"wp:featuredmedia":[{"embeddable":true,"href":"https:\/\/www.tucomarca.com\/wordpress\/segunda\/wp-json\/wp\/v2\/media\/17750"}],"wp:attachment":[{"href":"https:\/\/www.tucomarca.com\/wordpress\/segunda\/wp-json\/wp\/v2\/media?parent=17749"}],"wp:term":[{"taxonomy":"category","embeddable":true,"href":"https:\/\/www.tucomarca.com\/wordpress\/segunda\/wp-json\/wp\/v2\/categories?post=17749"},{"taxonomy":"post_tag","embeddable":true,"href":"https:\/\/www.tucomarca.com\/wordpress\/segunda\/wp-json\/wp\/v2\/tags?post=17749"}],"curies":[{"name":"wp","href":"https:\/\/api.w.org\/{rel}","templated":true}]}}