{"id":177682,"date":"2023-02-08T14:30:00","date_gmt":"2023-02-08T13:30:00","guid":{"rendered":"https:\/\/www.tucomarca.com\/wordpress\/segunda\/?p=177682"},"modified":"2023-02-08T19:54:56","modified_gmt":"2023-02-08T18:54:56","slug":"alumnado-de-segundo-de-primaria-de-turis-visita-el-ayuntamiento-para-estudiar-su-funcionamiento","status":"publish","type":"post","link":"https:\/\/www.tucomarca.com\/wordpress\/segunda\/alumnado-de-segundo-de-primaria-de-turis-visita-el-ayuntamiento-para-estudiar-su-funcionamiento\/","title":{"rendered":"Alumnado de segundo de primaria de Tur\u00eds visita el ayuntamiento para estudiar su funcionamiento"},"content":{"rendered":"\n<p>Alumnado de segundo de primaria del CEIP Joaqu\u00edn Mu\u00f1oz ha sido recibido en el Sal\u00f3n de Plenos y ha conocido, de manos del alcalde, Eugenio Forta\u00f1a, las dependencias municipales y el trabajo que se desarrolla por el pueblo.<\/p>\n\n\n\n<p>El alumnado hab\u00eda escrito muchas preguntas interesantes sobre c\u00f3mo funciona y organiza el pleno, o como se toman las decisiones que afectan su d\u00eda a d\u00eda. Una visita muy interesante cargada de momentos \u00fanicos gracias a las originales aportaciones de tan ilustres visitantes.<\/p>\n\n\n\n<figure class=\"wp-block-gallery has-nested-images columns-default is-cropped wp-block-gallery-1 is-layout-flex wp-block-gallery-is-layout-flex\">\n<figure class=\"wp-block-image size-large\"><img loading=\"lazy\" decoding=\"async\" width=\"2560\" height=\"1440\" data-id=\"177703\" src=\"https:\/\/www.tucomarca.com\/wordpress\/segunda\/wp-content\/uploads\/2023\/02\/Turis02cole-scaled.jpeg\" alt=\"\" class=\"wp-image-177703\" srcset=\"https:\/\/www.tucomarca.com\/wordpress\/segunda\/wp-content\/uploads\/2023\/02\/Turis02cole-scaled.jpeg 2560w, https:\/\/www.tucomarca.com\/wordpress\/segunda\/wp-content\/uploads\/2023\/02\/Turis02cole-300x169.jpeg 300w, https:\/\/www.tucomarca.com\/wordpress\/segunda\/wp-content\/uploads\/2023\/02\/Turis02cole-1024x576.jpeg 1024w, https:\/\/www.tucomarca.com\/wordpress\/segunda\/wp-content\/uploads\/2023\/02\/Turis02cole-768x432.jpeg 768w, https:\/\/www.tucomarca.com\/wordpress\/segunda\/wp-content\/uploads\/2023\/02\/Turis02cole-1536x864.jpeg 1536w, https:\/\/www.tucomarca.com\/wordpress\/segunda\/wp-content\/uploads\/2023\/02\/Turis02cole-2048x1152.jpeg 2048w, https:\/\/www.tucomarca.com\/wordpress\/segunda\/wp-content\/uploads\/2023\/02\/Turis02cole-678x381.jpeg 678w\" sizes=\"auto, (max-width: 2560px) 100vw, 2560px\" \/><\/figure>\n\n\n\n<figure class=\"wp-block-image size-large\"><img loading=\"lazy\" decoding=\"async\" width=\"2560\" height=\"1440\" data-id=\"177701\" src=\"https:\/\/www.tucomarca.com\/wordpress\/segunda\/wp-content\/uploads\/2023\/02\/Turis01cole-scaled.jpeg\" alt=\"\" class=\"wp-image-177701\" srcset=\"https:\/\/www.tucomarca.com\/wordpress\/segunda\/wp-content\/uploads\/2023\/02\/Turis01cole-scaled.jpeg 2560w, https:\/\/www.tucomarca.com\/wordpress\/segunda\/wp-content\/uploads\/2023\/02\/Turis01cole-300x169.jpeg 300w, https:\/\/www.tucomarca.com\/wordpress\/segunda\/wp-content\/uploads\/2023\/02\/Turis01cole-1024x576.jpeg 1024w, https:\/\/www.tucomarca.com\/wordpress\/segunda\/wp-content\/uploads\/2023\/02\/Turis01cole-768x432.jpeg 768w, https:\/\/www.tucomarca.com\/wordpress\/segunda\/wp-content\/uploads\/2023\/02\/Turis01cole-1536x864.jpeg 1536w, https:\/\/www.tucomarca.com\/wordpress\/segunda\/wp-content\/uploads\/2023\/02\/Turis01cole-2048x1152.jpeg 2048w, https:\/\/www.tucomarca.com\/wordpress\/segunda\/wp-content\/uploads\/2023\/02\/Turis01cole-678x381.jpeg 678w\" sizes=\"auto, (max-width: 2560px) 100vw, 2560px\" \/><\/figure>\n<\/figure>\n","protected":false},"excerpt":{"rendered":"<div class=\"mh-excerpt\">Alumnado de segundo de primaria del CEIP Joaqu\u00edn Mu\u00f1oz ha sido recibido en el Sal\u00f3n de Plenos y ha conocido, de manos del alcalde, Eugenio Forta\u00f1a, las dependencias municipales y el trabajo que se desarrolla <a class=\"mh-excerpt-more\" href=\"https:\/\/www.tucomarca.com\/wordpress\/segunda\/alumnado-de-segundo-de-primaria-de-turis-visita-el-ayuntamiento-para-estudiar-su-funcionamiento\/\" title=\"Alumnado de segundo de primaria de Tur\u00eds visita el ayuntamiento para estudiar su funcionamiento\">[+] <\/a><\/div>\n","protected":false},"author":12,"featured_media":177705,"comment_status":"open","ping_status":"open","sticky":false,"template":"","format":"gallery","meta":{"footnotes":""},"categories":[128,8,42,142,3,43],"tags":[12896,1407,10394],"class_list":{"0":"post-177682","1":"post","2":"type-post","3":"status-publish","4":"format-gallery","5":"has-post-thumbnail","7":"category-infraestructuras","8":"category-la-comarca","9":"category-la-ribera","10":"category-politica-la-comarca","11":"category-seccion","12":"category-turis","13":"tag-ceip-joaquin-munoz","14":"tag-ribera-alta","15":"tag-turis","16":"post_format-post-format-gallery"},"_links":{"self":[{"href":"https:\/\/www.tucomarca.com\/wordpress\/segunda\/wp-json\/wp\/v2\/posts\/177682","targetHints":{"allow":["GET"]}}],"collection":[{"href":"https:\/\/www.tucomarca.com\/wordpress\/segunda\/wp-json\/wp\/v2\/posts"}],"about":[{"href":"https:\/\/www.tucomarca.com\/wordpress\/segunda\/wp-json\/wp\/v2\/types\/post"}],"author":[{"embeddable":true,"href":"https:\/\/www.tucomarca.com\/wordpress\/segunda\/wp-json\/wp\/v2\/users\/12"}],"replies":[{"embeddable":true,"href":"https:\/\/www.tucomarca.com\/wordpress\/segunda\/wp-json\/wp\/v2\/comments?post=177682"}],"version-history":[{"count":0,"href":"https:\/\/www.tucomarca.com\/wordpress\/segunda\/wp-json\/wp\/v2\/posts\/177682\/revisions"}],"wp:featuredmedia":[{"embeddable":true,"href":"https:\/\/www.tucomarca.com\/wordpress\/segunda\/wp-json\/wp\/v2\/media\/177705"}],"wp:attachment":[{"href":"https:\/\/www.tucomarca.com\/wordpress\/segunda\/wp-json\/wp\/v2\/media?parent=177682"}],"wp:term":[{"taxonomy":"category","embeddable":true,"href":"https:\/\/www.tucomarca.com\/wordpress\/segunda\/wp-json\/wp\/v2\/categories?post=177682"},{"taxonomy":"post_tag","embeddable":true,"href":"https:\/\/www.tucomarca.com\/wordpress\/segunda\/wp-json\/wp\/v2\/tags?post=177682"}],"curies":[{"name":"wp","href":"https:\/\/api.w.org\/{rel}","templated":true}]}}