{"id":177748,"date":"2023-02-09T10:05:00","date_gmt":"2023-02-09T09:05:00","guid":{"rendered":"https:\/\/www.tucomarca.com\/wordpress\/segunda\/?p=177748"},"modified":"2023-02-09T12:30:35","modified_gmt":"2023-02-09T11:30:35","slug":"el-pp-de-requena-denuncia-que-mario-sanchez-prometio-un-parking-en-fuente-del-pino-y-alli-solo-hay-escombros","status":"publish","type":"post","link":"https:\/\/www.tucomarca.com\/wordpress\/segunda\/el-pp-de-requena-denuncia-que-mario-sanchez-prometio-un-parking-en-fuente-del-pino-y-alli-solo-hay-escombros\/","title":{"rendered":"El PP de Requena denuncia que Mario S\u00e1nchez \u00abprometi\u00f3 un parking en Fuente del Pino y all\u00ed solo hay escombros\u00bb"},"content":{"rendered":"\n<p>El paraje de la Fuente del Pino \u00abtan solo ha visto en estos cuatro a\u00f1os de incumplimientos c\u00f3mo se depositan escombros y no el parking que prometi\u00f3 el alcalde en 2019. La mayor\u00eda absoluta del alcalde Mario S\u00e1nchez suma otro incumplimiento m\u00e1s a su programa de falsas promesas con el que consigui\u00f3 su segundo mandato\u00bb, afirman los populares de Requena en una nota de prensa.<\/p>\n\n\n\n<p>El Partido Popular de Requena vuelve a denunciar \u00ablos incumplimientos de Mario S\u00e1nchez, que en 2019 prometi\u00f3 entre otras muchas cosas no realizadas un parking en Fuente del Pino, y durante estos cuatro a\u00f1os, y tambi\u00e9n ahora, ese lugar muy visible de la zona sur de la Villa solo deja ver&nbsp; escombros y suciedad\u00bb.<\/p>\n\n\n\n<p>\u00abLa imagen deplorable de nuestro municipio, al igual que los incumplimientos en estos cuatro a\u00f1os de gobierno son la din\u00e1mica habitual que el gobierno socialista ha venido y viene desarrollando. Los barrios de nuestra ciudad se han visto abandonados, y la imagen que ofrece el casco hist\u00f3rico a d\u00eda de hoy muestra la dejadez de un gobierno agotado que no es capaz de ofrecer ni a vecinos ni visitantes soluciones, incapaz de cumplir sus propias propuestas y de dar proyecci\u00f3n y futuro a nuestro municipio\u00bb, recalcan desde la formaci\u00f3n pol\u00edtica.\u00a0<\/p>\n\n\n\n<p>Fuente del Pino \u00abes otro ejemplo m\u00e1s de promesas incumplidas que se suman a una larga lista de compromisos electorales que adquiri\u00f3 Mario S\u00e1nchez y que se ven incumplidos. Requena necesita otro gobierno que haga algo tan sencillo como cumplir su palabra\u00bb, concluyen los populares. Informa, <strong>Luis Ib\u00e1\u00f1ez<\/strong>.<\/p>\n","protected":false},"excerpt":{"rendered":"<div class=\"mh-excerpt\">El paraje de la Fuente del Pino \u00abtan solo ha visto en estos cuatro a\u00f1os de incumplimientos c\u00f3mo se depositan escombros y no el parking que prometi\u00f3 el alcalde en 2019. La mayor\u00eda absoluta del <a class=\"mh-excerpt-more\" href=\"https:\/\/www.tucomarca.com\/wordpress\/segunda\/el-pp-de-requena-denuncia-que-mario-sanchez-prometio-un-parking-en-fuente-del-pino-y-alli-solo-hay-escombros\/\" title=\"El PP de Requena denuncia que Mario S\u00e1nchez \u00abprometi\u00f3 un parking en Fuente del Pino y all\u00ed solo hay escombros\u00bb\">[+] <\/a><\/div>\n","protected":false},"author":1,"featured_media":177749,"comment_status":"open","ping_status":"open","sticky":false,"template":"","format":"standard","meta":{"footnotes":""},"categories":[128,8,142,28,27,3],"tags":[7279,32,63,10388,10387],"class_list":{"0":"post-177748","1":"post","2":"type-post","3":"status-publish","4":"format-standard","5":"has-post-thumbnail","7":"category-infraestructuras","8":"category-la-comarca","9":"category-politica-la-comarca","10":"category-requena","11":"category-requena-utiel","12":"category-seccion","13":"tag-partido-popular","14":"tag-politica","15":"tag-pp","16":"tag-requena","17":"tag-requena-utiel"},"_links":{"self":[{"href":"https:\/\/www.tucomarca.com\/wordpress\/segunda\/wp-json\/wp\/v2\/posts\/177748","targetHints":{"allow":["GET"]}}],"collection":[{"href":"https:\/\/www.tucomarca.com\/wordpress\/segunda\/wp-json\/wp\/v2\/posts"}],"about":[{"href":"https:\/\/www.tucomarca.com\/wordpress\/segunda\/wp-json\/wp\/v2\/types\/post"}],"author":[{"embeddable":true,"href":"https:\/\/www.tucomarca.com\/wordpress\/segunda\/wp-json\/wp\/v2\/users\/1"}],"replies":[{"embeddable":true,"href":"https:\/\/www.tucomarca.com\/wordpress\/segunda\/wp-json\/wp\/v2\/comments?post=177748"}],"version-history":[{"count":0,"href":"https:\/\/www.tucomarca.com\/wordpress\/segunda\/wp-json\/wp\/v2\/posts\/177748\/revisions"}],"wp:featuredmedia":[{"embeddable":true,"href":"https:\/\/www.tucomarca.com\/wordpress\/segunda\/wp-json\/wp\/v2\/media\/177749"}],"wp:attachment":[{"href":"https:\/\/www.tucomarca.com\/wordpress\/segunda\/wp-json\/wp\/v2\/media?parent=177748"}],"wp:term":[{"taxonomy":"category","embeddable":true,"href":"https:\/\/www.tucomarca.com\/wordpress\/segunda\/wp-json\/wp\/v2\/categories?post=177748"},{"taxonomy":"post_tag","embeddable":true,"href":"https:\/\/www.tucomarca.com\/wordpress\/segunda\/wp-json\/wp\/v2\/tags?post=177748"}],"curies":[{"name":"wp","href":"https:\/\/api.w.org\/{rel}","templated":true}]}}