{"id":177785,"date":"2023-02-09T20:00:00","date_gmt":"2023-02-09T19:00:00","guid":{"rendered":"https:\/\/www.tucomarca.com\/wordpress\/segunda\/?p=177785"},"modified":"2023-02-09T21:14:33","modified_gmt":"2023-02-09T20:14:33","slug":"fernando-carcel-ofrece-el-pronostico-del-tiempo-para-la-muestra-del-embutido-de-requena","status":"publish","type":"post","link":"https:\/\/www.tucomarca.com\/wordpress\/segunda\/fernando-carcel-ofrece-el-pronostico-del-tiempo-para-la-muestra-del-embutido-de-requena\/","title":{"rendered":"Fernando C\u00e1rcel ofrece el pron\u00f3stico del tiempo para la Muestra del Embutido de Requena"},"content":{"rendered":"\n<h3 class=\"wp-block-heading\">Fernando C\u00e1rcel ofrece el pron\u00f3stico del tiempo para la Muestra del Embutido de Requena<\/h3>\n\n\n\n<p>Fernando C\u00e1rcel, administrador de la p\u00e1gina de informaci\u00f3n agr\u00edcola y meteorol\u00f3gica, Meteo Requena Agricultura, nos ofrece la predicci\u00f3n meteorol\u00f3gica para este fin de semana caracterizado por la Muestra del&nbsp; Embutido Artesano y de Calidad de Requena.<\/p>\n\n\n\n<p>Viernes 10: Probables bancos de niebla matinales en el interior con heladas d\u00e9biles. Predominio de cielo nuboso por la ma\u00f1ana, tendiendo a intervalos nubosos por la tarde. Temperaturas m\u00ednimas en descenso y m\u00e1ximas sin cambios.<\/p>\n\n\n\n<p>Temperatura -1\u00b0\/8\u00b0.<\/p>\n\n\n\n<p>S\u00e1bado 11: Probables brumas o bancos de niebla localmente engelantes en puntos del interior por la ma\u00f1ana. Cielos con intervalos de nubes sin importancia. Temperaturas m\u00ednimas sin cambios y m\u00e1ximas en ligero ascenso.<\/p>\n\n\n\n<p>Temperatura -1\/9<\/p>\n\n\n\n<p>Domingo 12: Durante la ma\u00f1ana alguna bruma o banco de niebla. Durante la jornada, cielo poco nuboso o despejado. Temperaturas m\u00ednimas sin cambios y m\u00e1ximas en ascenso.&nbsp;<\/p>\n\n\n\n<p>Temperatura -1\/12<\/p>\n","protected":false},"excerpt":{"rendered":"<div class=\"mh-excerpt\">Fernando C\u00e1rcel ofrece el pron\u00f3stico del tiempo para la Muestra del Embutido de Requena Fernando C\u00e1rcel, administrador de la p\u00e1gina de informaci\u00f3n agr\u00edcola y meteorol\u00f3gica, Meteo Requena Agricultura, nos ofrece la predicci\u00f3n meteorol\u00f3gica para este <a class=\"mh-excerpt-more\" href=\"https:\/\/www.tucomarca.com\/wordpress\/segunda\/fernando-carcel-ofrece-el-pronostico-del-tiempo-para-la-muestra-del-embutido-de-requena\/\" title=\"Fernando C\u00e1rcel ofrece el pron\u00f3stico del tiempo para la Muestra del Embutido de Requena\">[+] <\/a><\/div>\n","protected":false},"author":1,"featured_media":81342,"comment_status":"open","ping_status":"open","sticky":false,"template":"","format":"standard","meta":{"footnotes":""},"categories":[128,8,7,3],"tags":[10736,10388,10387],"class_list":{"0":"post-177785","1":"post","2":"type-post","3":"status-publish","4":"format-standard","5":"has-post-thumbnail","7":"category-infraestructuras","8":"category-la-comarca","9":"category-ocio-y-cultura","10":"category-seccion","11":"tag-feria-del-embutido-de-requena","12":"tag-requena","13":"tag-requena-utiel"},"_links":{"self":[{"href":"https:\/\/www.tucomarca.com\/wordpress\/segunda\/wp-json\/wp\/v2\/posts\/177785","targetHints":{"allow":["GET"]}}],"collection":[{"href":"https:\/\/www.tucomarca.com\/wordpress\/segunda\/wp-json\/wp\/v2\/posts"}],"about":[{"href":"https:\/\/www.tucomarca.com\/wordpress\/segunda\/wp-json\/wp\/v2\/types\/post"}],"author":[{"embeddable":true,"href":"https:\/\/www.tucomarca.com\/wordpress\/segunda\/wp-json\/wp\/v2\/users\/1"}],"replies":[{"embeddable":true,"href":"https:\/\/www.tucomarca.com\/wordpress\/segunda\/wp-json\/wp\/v2\/comments?post=177785"}],"version-history":[{"count":0,"href":"https:\/\/www.tucomarca.com\/wordpress\/segunda\/wp-json\/wp\/v2\/posts\/177785\/revisions"}],"wp:featuredmedia":[{"embeddable":true,"href":"https:\/\/www.tucomarca.com\/wordpress\/segunda\/wp-json\/wp\/v2\/media\/81342"}],"wp:attachment":[{"href":"https:\/\/www.tucomarca.com\/wordpress\/segunda\/wp-json\/wp\/v2\/media?parent=177785"}],"wp:term":[{"taxonomy":"category","embeddable":true,"href":"https:\/\/www.tucomarca.com\/wordpress\/segunda\/wp-json\/wp\/v2\/categories?post=177785"},{"taxonomy":"post_tag","embeddable":true,"href":"https:\/\/www.tucomarca.com\/wordpress\/segunda\/wp-json\/wp\/v2\/tags?post=177785"}],"curies":[{"name":"wp","href":"https:\/\/api.w.org\/{rel}","templated":true}]}}