{"id":178157,"date":"2023-02-14T14:00:00","date_gmt":"2023-02-14T13:00:00","guid":{"rendered":"https:\/\/www.tucomarca.com\/wordpress\/segunda\/?p=178157"},"modified":"2023-02-14T19:01:05","modified_gmt":"2023-02-14T18:01:05","slug":"especialistas-del-consorcio-de-bomberos-rescatan-a-dos-escaladores-bloqueados-en-la-pared-via-neumonia-de-chulilla","status":"publish","type":"post","link":"https:\/\/www.tucomarca.com\/wordpress\/segunda\/especialistas-del-consorcio-de-bomberos-rescatan-a-dos-escaladores-bloqueados-en-la-pared-via-neumonia-de-chulilla\/","title":{"rendered":"Especialistas del Consorcio de Bomberos rescatan a dos escaladores bloqueados en la pared Via Neumonia de Chulilla"},"content":{"rendered":"\n<p>El Consorcio de Bomberos de Val\u00e8ncia se moviliz\u00f3 ayer a \u00faltima hora de la tarde al rescate de dos j\u00f3venes, un chico y una chica, que hac\u00edan escalada en Chulilla. El aviso se recibi\u00f3 cerca de las 19,00 horas y hasta all\u00ed el Consorcio moviliz\u00f3 su grupo de rescate en altura, GERA, bomberos de l&#8217;Eliana y el sargento de Paterna.&nbsp;<\/p>\n\n\n\n<p>Las dos personas hab\u00edan sufrido un percance al quedarse bloqueado su cordaje en la pared de la llamada V\u00eda Neumonia de Chulilla, una zona muy vertical, y quedaron bloqueados a un saliente desde donde ya no pod\u00edan avanzar, tal como han informado desde el Consorcio.&nbsp;<\/p>\n\n\n\n<p>Los rescatadores del GERA escalaron hasta donde el punto donde se encontraban los j\u00f3venes, de unos 20 a\u00f1os, y los descendieron haciendo rapel. A pesar de que hab\u00edan pasado fr\u00edo, su estado general era bueno y se los traslad\u00f3 hasta lugar seguro.<\/p>\n\n\n\n<figure class=\"wp-block-gallery has-nested-images columns-default is-cropped wp-block-gallery-1 is-layout-flex wp-block-gallery-is-layout-flex\">\n<figure class=\"wp-block-image size-large\"><img loading=\"lazy\" decoding=\"async\" width=\"2048\" height=\"1536\" data-id=\"178163\" src=\"https:\/\/www.tucomarca.com\/wordpress\/segunda\/wp-content\/uploads\/2023\/02\/RescatadosChulilla3.jpg\" alt=\"\" class=\"wp-image-178163\" srcset=\"https:\/\/www.tucomarca.com\/wordpress\/segunda\/wp-content\/uploads\/2023\/02\/RescatadosChulilla3.jpg 2048w, https:\/\/www.tucomarca.com\/wordpress\/segunda\/wp-content\/uploads\/2023\/02\/RescatadosChulilla3-300x225.jpg 300w, https:\/\/www.tucomarca.com\/wordpress\/segunda\/wp-content\/uploads\/2023\/02\/RescatadosChulilla3-1024x768.jpg 1024w, https:\/\/www.tucomarca.com\/wordpress\/segunda\/wp-content\/uploads\/2023\/02\/RescatadosChulilla3-768x576.jpg 768w, https:\/\/www.tucomarca.com\/wordpress\/segunda\/wp-content\/uploads\/2023\/02\/RescatadosChulilla3-1536x1152.jpg 1536w, https:\/\/www.tucomarca.com\/wordpress\/segunda\/wp-content\/uploads\/2023\/02\/RescatadosChulilla3-678x509.jpg 678w, https:\/\/www.tucomarca.com\/wordpress\/segunda\/wp-content\/uploads\/2023\/02\/RescatadosChulilla3-326x245.jpg 326w, https:\/\/www.tucomarca.com\/wordpress\/segunda\/wp-content\/uploads\/2023\/02\/RescatadosChulilla3-80x60.jpg 80w\" sizes=\"auto, (max-width: 2048px) 100vw, 2048px\" \/><\/figure>\n\n\n\n<figure class=\"wp-block-image size-large\"><img loading=\"lazy\" decoding=\"async\" width=\"2048\" height=\"1536\" data-id=\"178161\" src=\"https:\/\/www.tucomarca.com\/wordpress\/segunda\/wp-content\/uploads\/2023\/02\/RescatadosChulilla2.jpg\" alt=\"\" class=\"wp-image-178161\" srcset=\"https:\/\/www.tucomarca.com\/wordpress\/segunda\/wp-content\/uploads\/2023\/02\/RescatadosChulilla2.jpg 2048w, https:\/\/www.tucomarca.com\/wordpress\/segunda\/wp-content\/uploads\/2023\/02\/RescatadosChulilla2-300x225.jpg 300w, https:\/\/www.tucomarca.com\/wordpress\/segunda\/wp-content\/uploads\/2023\/02\/RescatadosChulilla2-1024x768.jpg 1024w, https:\/\/www.tucomarca.com\/wordpress\/segunda\/wp-content\/uploads\/2023\/02\/RescatadosChulilla2-768x576.jpg 768w, https:\/\/www.tucomarca.com\/wordpress\/segunda\/wp-content\/uploads\/2023\/02\/RescatadosChulilla2-1536x1152.jpg 1536w, https:\/\/www.tucomarca.com\/wordpress\/segunda\/wp-content\/uploads\/2023\/02\/RescatadosChulilla2-678x509.jpg 678w, https:\/\/www.tucomarca.com\/wordpress\/segunda\/wp-content\/uploads\/2023\/02\/RescatadosChulilla2-326x245.jpg 326w, https:\/\/www.tucomarca.com\/wordpress\/segunda\/wp-content\/uploads\/2023\/02\/RescatadosChulilla2-80x60.jpg 80w\" sizes=\"auto, (max-width: 2048px) 100vw, 2048px\" \/><\/figure>\n<\/figure>\n","protected":false},"excerpt":{"rendered":"<div class=\"mh-excerpt\">El Consorcio de Bomberos de Val\u00e8ncia se moviliz\u00f3 ayer a \u00faltima hora de la tarde al rescate de dos j\u00f3venes, un chico y una chica, que hac\u00edan escalada en Chulilla. El aviso se recibi\u00f3 cerca <a class=\"mh-excerpt-more\" href=\"https:\/\/www.tucomarca.com\/wordpress\/segunda\/especialistas-del-consorcio-de-bomberos-rescatan-a-dos-escaladores-bloqueados-en-la-pared-via-neumonia-de-chulilla\/\" title=\"Especialistas del Consorcio de Bomberos rescatan a dos escaladores bloqueados en la pared Via Neumonia de Chulilla\">[+] <\/a><\/div>\n","protected":false},"author":1,"featured_media":178159,"comment_status":"open","ping_status":"open","sticky":false,"template":"","format":"gallery","meta":{"footnotes":""},"categories":[192,128,8,72,59,117,3,116,45],"tags":[10445,12830,18822,3912,10400],"class_list":{"0":"post-178157","1":"post","2":"type-post","3":"status-publish","4":"format-gallery","5":"has-post-thumbnail","7":"category-chulilla","8":"category-infraestructuras","9":"category-la-comarca","10":"category-sin-categorizar","11":"category-los-serranos","12":"category-medio-ambiente-la-comarca","13":"category-seccion","14":"category-sucesos-la-comarca","15":"category-ventana","16":"tag-chulilla","17":"tag-consorcio-provincial-de-bomberos-de-valencia","18":"tag-escaladores","19":"tag-la-serrania","20":"tag-los-serranos","21":"post_format-post-format-gallery"},"_links":{"self":[{"href":"https:\/\/www.tucomarca.com\/wordpress\/segunda\/wp-json\/wp\/v2\/posts\/178157","targetHints":{"allow":["GET"]}}],"collection":[{"href":"https:\/\/www.tucomarca.com\/wordpress\/segunda\/wp-json\/wp\/v2\/posts"}],"about":[{"href":"https:\/\/www.tucomarca.com\/wordpress\/segunda\/wp-json\/wp\/v2\/types\/post"}],"author":[{"embeddable":true,"href":"https:\/\/www.tucomarca.com\/wordpress\/segunda\/wp-json\/wp\/v2\/users\/1"}],"replies":[{"embeddable":true,"href":"https:\/\/www.tucomarca.com\/wordpress\/segunda\/wp-json\/wp\/v2\/comments?post=178157"}],"version-history":[{"count":0,"href":"https:\/\/www.tucomarca.com\/wordpress\/segunda\/wp-json\/wp\/v2\/posts\/178157\/revisions"}],"wp:featuredmedia":[{"embeddable":true,"href":"https:\/\/www.tucomarca.com\/wordpress\/segunda\/wp-json\/wp\/v2\/media\/178159"}],"wp:attachment":[{"href":"https:\/\/www.tucomarca.com\/wordpress\/segunda\/wp-json\/wp\/v2\/media?parent=178157"}],"wp:term":[{"taxonomy":"category","embeddable":true,"href":"https:\/\/www.tucomarca.com\/wordpress\/segunda\/wp-json\/wp\/v2\/categories?post=178157"},{"taxonomy":"post_tag","embeddable":true,"href":"https:\/\/www.tucomarca.com\/wordpress\/segunda\/wp-json\/wp\/v2\/tags?post=178157"}],"curies":[{"name":"wp","href":"https:\/\/api.w.org\/{rel}","templated":true}]}}