{"id":17817,"date":"2013-09-12T20:04:34","date_gmt":"2013-09-12T17:04:34","guid":{"rendered":"http:\/\/www.tucomarca.com\/wordpress\/segunda\/?p=17817"},"modified":"2013-09-12T20:03:59","modified_gmt":"2013-09-12T17:03:59","slug":"fiestas-en-la-barriada-de-san-rafael-de-bunol","status":"publish","type":"post","link":"https:\/\/www.tucomarca.com\/wordpress\/segunda\/fiestas-en-la-barriada-de-san-rafael-de-bunol\/","title":{"rendered":"Fiestas en la barriada de San Rafael de Bu\u00f1ol"},"content":{"rendered":"<p>La popular barriada de San Rafael en Bu\u00f1ol se viste de fiesta este fin de semana. Al igual que en a\u00f1os anteriores, esta celebraci\u00f3n dar\u00e1 por cerrado el per\u00edodo estival en la poblaci\u00f3n.<br \/>\nLos actos comienzan este viernes 13 a las 17,30 horas con un cuentacuentos interactivo, para continuar con la carrera popular Barrio de San Rafael, la cena de sobaquillo, el concierto a cargo de la Banda Juvenil del CIM \u00abLa Arm\u00f3nica\u00bb de Bu\u00f1ol y el Mojete.<br \/>\nEl s\u00e1bado hay previsto almuerzo de sobaquillo, espect\u00e1culo de Freeride, fiesta de la espuma, merienda, concurso de paellas y discom\u00f3vil. El domingo, los festejos se completar\u00e1n con la misa en honor a San Rafael, la romer\u00eda y la masclet\u00e0 de las 12,00 horas con la que se dar\u00e1 por cerrado el fin de semana festivo en la barriada.  n tucomarca.com<\/p>\n","protected":false},"excerpt":{"rendered":"<div class=\"mh-excerpt\">La popular barriada de San Rafael en Bu\u00f1ol se viste de fiesta este fin de semana. Al igual que en a\u00f1os anteriores, esta celebraci\u00f3n dar\u00e1 por cerrado el per\u00edodo estival en la poblaci\u00f3n. Los actos <a class=\"mh-excerpt-more\" href=\"https:\/\/www.tucomarca.com\/wordpress\/segunda\/fiestas-en-la-barriada-de-san-rafael-de-bunol\/\" title=\"Fiestas en la barriada de San Rafael de Bu\u00f1ol\">[+] <\/a><\/div>\n","protected":false},"author":2,"featured_media":0,"comment_status":"open","ping_status":"open","sticky":false,"template":"","format":"standard","meta":{"footnotes":""},"categories":[4,3],"tags":[],"class_list":{"0":"post-17817","1":"post","2":"type-post","3":"status-publish","4":"format-standard","6":"category-agenda","7":"category-seccion"},"_links":{"self":[{"href":"https:\/\/www.tucomarca.com\/wordpress\/segunda\/wp-json\/wp\/v2\/posts\/17817","targetHints":{"allow":["GET"]}}],"collection":[{"href":"https:\/\/www.tucomarca.com\/wordpress\/segunda\/wp-json\/wp\/v2\/posts"}],"about":[{"href":"https:\/\/www.tucomarca.com\/wordpress\/segunda\/wp-json\/wp\/v2\/types\/post"}],"author":[{"embeddable":true,"href":"https:\/\/www.tucomarca.com\/wordpress\/segunda\/wp-json\/wp\/v2\/users\/2"}],"replies":[{"embeddable":true,"href":"https:\/\/www.tucomarca.com\/wordpress\/segunda\/wp-json\/wp\/v2\/comments?post=17817"}],"version-history":[{"count":0,"href":"https:\/\/www.tucomarca.com\/wordpress\/segunda\/wp-json\/wp\/v2\/posts\/17817\/revisions"}],"wp:attachment":[{"href":"https:\/\/www.tucomarca.com\/wordpress\/segunda\/wp-json\/wp\/v2\/media?parent=17817"}],"wp:term":[{"taxonomy":"category","embeddable":true,"href":"https:\/\/www.tucomarca.com\/wordpress\/segunda\/wp-json\/wp\/v2\/categories?post=17817"},{"taxonomy":"post_tag","embeddable":true,"href":"https:\/\/www.tucomarca.com\/wordpress\/segunda\/wp-json\/wp\/v2\/tags?post=17817"}],"curies":[{"name":"wp","href":"https:\/\/api.w.org\/{rel}","templated":true}]}}