{"id":178279,"date":"2023-02-15T22:00:00","date_gmt":"2023-02-15T21:00:00","guid":{"rendered":"https:\/\/www.tucomarca.com\/wordpress\/segunda\/?p=178279"},"modified":"2023-02-16T12:31:16","modified_gmt":"2023-02-16T11:31:16","slug":"maria-cervera-y-lorena-navarro-exaltadas-como-falleras-mayores-de-la-comision-godayla-de-godelleta","status":"publish","type":"post","link":"https:\/\/www.tucomarca.com\/wordpress\/segunda\/maria-cervera-y-lorena-navarro-exaltadas-como-falleras-mayores-de-la-comision-godayla-de-godelleta\/","title":{"rendered":"Fotogaler\u00eda: Mar\u00eda Cervera y Lorena Navarro son exaltadas como Falleras Mayores de la comisi\u00f3n Godayla de Godelleta"},"content":{"rendered":"\n<p>Este pasado fin de semana se ha llevado a cabo en la carpa fallera montada en el polideportivo municipal la exaltaci\u00f3n de las Falleras Mayores de la comisi\u00f3n Godayla de Godelleta.<\/p>\n\n\n\n<p>El s\u00e1bado se present\u00f3 a Mar\u00eda Cervera Ruiz, Fallera Mayor, acompa\u00f1ada por el presidente, Francisco Luis Mart\u00ednez Navarro, y su corte de honor. Tras un vino de honor se realiz\u00f3 una cena de hermandad en la carpa acompa\u00f1ada por un espect\u00e1culo musical.   <\/p>\n\n\n\n<p>El domingo fue exaltada la ni\u00f1a Lorena Navarro L\u00f3pez, acompa\u00f1ada por el presidente infantil, Josep Iranzo Mart\u00ed y su corte de honor.  A continuaci\u00f3n tambi\u00e9n se pudo disfrutar de un vino de honor en la misma carpa.<\/p>\n\n\n\n<p>Esta comisi\u00f3n ser\u00e1 la m\u00e1s temprana en plantar sus monumentos ya que comenzar\u00e1 sus fiestas josefinas del 1 al 5 de marzo.<\/p>\n\n\n\n<figure class=\"wp-block-gallery has-nested-images columns-default is-cropped wp-block-gallery-1 is-layout-flex wp-block-gallery-is-layout-flex\">\n<figure class=\"wp-block-image size-large\"><img loading=\"lazy\" decoding=\"async\" width=\"886\" height=\"1181\" data-id=\"178302\" src=\"https:\/\/www.tucomarca.com\/wordpress\/segunda\/wp-content\/uploads\/2023\/02\/10Godayla.jpg\" alt=\"\" class=\"wp-image-178302\" srcset=\"https:\/\/www.tucomarca.com\/wordpress\/segunda\/wp-content\/uploads\/2023\/02\/10Godayla.jpg 886w, https:\/\/www.tucomarca.com\/wordpress\/segunda\/wp-content\/uploads\/2023\/02\/10Godayla-225x300.jpg 225w, https:\/\/www.tucomarca.com\/wordpress\/segunda\/wp-content\/uploads\/2023\/02\/10Godayla-768x1024.jpg 768w\" sizes=\"auto, (max-width: 886px) 100vw, 886px\" \/><\/figure>\n\n\n\n<figure class=\"wp-block-image size-large\"><img loading=\"lazy\" decoding=\"async\" width=\"886\" height=\"1181\" data-id=\"178292\" src=\"https:\/\/www.tucomarca.com\/wordpress\/segunda\/wp-content\/uploads\/2023\/02\/05Godayla.jpg\" alt=\"\" class=\"wp-image-178292\" srcset=\"https:\/\/www.tucomarca.com\/wordpress\/segunda\/wp-content\/uploads\/2023\/02\/05Godayla.jpg 886w, https:\/\/www.tucomarca.com\/wordpress\/segunda\/wp-content\/uploads\/2023\/02\/05Godayla-225x300.jpg 225w, https:\/\/www.tucomarca.com\/wordpress\/segunda\/wp-content\/uploads\/2023\/02\/05Godayla-768x1024.jpg 768w\" sizes=\"auto, (max-width: 886px) 100vw, 886px\" \/><\/figure>\n\n\n\n<figure class=\"wp-block-image size-large\"><img loading=\"lazy\" decoding=\"async\" width=\"886\" height=\"1181\" data-id=\"178294\" src=\"https:\/\/www.tucomarca.com\/wordpress\/segunda\/wp-content\/uploads\/2023\/02\/06Godayla.jpg\" alt=\"\" class=\"wp-image-178294\" srcset=\"https:\/\/www.tucomarca.com\/wordpress\/segunda\/wp-content\/uploads\/2023\/02\/06Godayla.jpg 886w, https:\/\/www.tucomarca.com\/wordpress\/segunda\/wp-content\/uploads\/2023\/02\/06Godayla-225x300.jpg 225w, https:\/\/www.tucomarca.com\/wordpress\/segunda\/wp-content\/uploads\/2023\/02\/06Godayla-768x1024.jpg 768w\" sizes=\"auto, (max-width: 886px) 100vw, 886px\" \/><\/figure>\n\n\n\n<figure class=\"wp-block-image size-large\"><img loading=\"lazy\" decoding=\"async\" width=\"886\" height=\"1181\" data-id=\"178296\" src=\"https:\/\/www.tucomarca.com\/wordpress\/segunda\/wp-content\/uploads\/2023\/02\/07Godayla.jpg\" alt=\"\" class=\"wp-image-178296\" srcset=\"https:\/\/www.tucomarca.com\/wordpress\/segunda\/wp-content\/uploads\/2023\/02\/07Godayla.jpg 886w, https:\/\/www.tucomarca.com\/wordpress\/segunda\/wp-content\/uploads\/2023\/02\/07Godayla-225x300.jpg 225w, https:\/\/www.tucomarca.com\/wordpress\/segunda\/wp-content\/uploads\/2023\/02\/07Godayla-768x1024.jpg 768w\" sizes=\"auto, (max-width: 886px) 100vw, 886px\" \/><\/figure>\n\n\n\n<figure class=\"wp-block-image size-large\"><img loading=\"lazy\" decoding=\"async\" width=\"886\" height=\"1181\" data-id=\"178298\" src=\"https:\/\/www.tucomarca.com\/wordpress\/segunda\/wp-content\/uploads\/2023\/02\/08Godayla.jpg\" alt=\"\" class=\"wp-image-178298\" srcset=\"https:\/\/www.tucomarca.com\/wordpress\/segunda\/wp-content\/uploads\/2023\/02\/08Godayla.jpg 886w, https:\/\/www.tucomarca.com\/wordpress\/segunda\/wp-content\/uploads\/2023\/02\/08Godayla-225x300.jpg 225w, https:\/\/www.tucomarca.com\/wordpress\/segunda\/wp-content\/uploads\/2023\/02\/08Godayla-768x1024.jpg 768w\" sizes=\"auto, (max-width: 886px) 100vw, 886px\" \/><\/figure>\n\n\n\n<figure class=\"wp-block-image size-large\"><img loading=\"lazy\" decoding=\"async\" width=\"886\" height=\"1181\" data-id=\"178300\" src=\"https:\/\/www.tucomarca.com\/wordpress\/segunda\/wp-content\/uploads\/2023\/02\/09Godayla.jpg\" alt=\"\" class=\"wp-image-178300\" srcset=\"https:\/\/www.tucomarca.com\/wordpress\/segunda\/wp-content\/uploads\/2023\/02\/09Godayla.jpg 886w, https:\/\/www.tucomarca.com\/wordpress\/segunda\/wp-content\/uploads\/2023\/02\/09Godayla-225x300.jpg 225w, https:\/\/www.tucomarca.com\/wordpress\/segunda\/wp-content\/uploads\/2023\/02\/09Godayla-768x1024.jpg 768w\" sizes=\"auto, (max-width: 886px) 100vw, 886px\" \/><\/figure>\n\n\n\n<figure class=\"wp-block-image size-large\"><img loading=\"lazy\" decoding=\"async\" width=\"768\" height=\"768\" data-id=\"178284\" src=\"https:\/\/www.tucomarca.com\/wordpress\/segunda\/wp-content\/uploads\/2023\/02\/01Godayla.jpg\" alt=\"\" class=\"wp-image-178284\" srcset=\"https:\/\/www.tucomarca.com\/wordpress\/segunda\/wp-content\/uploads\/2023\/02\/01Godayla.jpg 768w, https:\/\/www.tucomarca.com\/wordpress\/segunda\/wp-content\/uploads\/2023\/02\/01Godayla-300x300.jpg 300w, https:\/\/www.tucomarca.com\/wordpress\/segunda\/wp-content\/uploads\/2023\/02\/01Godayla-290x290.jpg 290w\" sizes=\"auto, (max-width: 768px) 100vw, 768px\" \/><\/figure>\n\n\n\n<figure class=\"wp-block-image size-large\"><img loading=\"lazy\" decoding=\"async\" width=\"1181\" height=\"886\" data-id=\"178288\" src=\"https:\/\/www.tucomarca.com\/wordpress\/segunda\/wp-content\/uploads\/2023\/02\/03Godayla.jpg\" alt=\"\" class=\"wp-image-178288\" srcset=\"https:\/\/www.tucomarca.com\/wordpress\/segunda\/wp-content\/uploads\/2023\/02\/03Godayla.jpg 1181w, https:\/\/www.tucomarca.com\/wordpress\/segunda\/wp-content\/uploads\/2023\/02\/03Godayla-300x225.jpg 300w, https:\/\/www.tucomarca.com\/wordpress\/segunda\/wp-content\/uploads\/2023\/02\/03Godayla-1024x768.jpg 1024w, https:\/\/www.tucomarca.com\/wordpress\/segunda\/wp-content\/uploads\/2023\/02\/03Godayla-768x576.jpg 768w, https:\/\/www.tucomarca.com\/wordpress\/segunda\/wp-content\/uploads\/2023\/02\/03Godayla-678x509.jpg 678w, https:\/\/www.tucomarca.com\/wordpress\/segunda\/wp-content\/uploads\/2023\/02\/03Godayla-326x245.jpg 326w, https:\/\/www.tucomarca.com\/wordpress\/segunda\/wp-content\/uploads\/2023\/02\/03Godayla-80x60.jpg 80w\" sizes=\"auto, (max-width: 1181px) 100vw, 1181px\" \/><\/figure>\n\n\n\n<figure class=\"wp-block-image size-large\"><img loading=\"lazy\" decoding=\"async\" width=\"768\" height=\"768\" data-id=\"178286\" src=\"https:\/\/www.tucomarca.com\/wordpress\/segunda\/wp-content\/uploads\/2023\/02\/02Godayla.jpg\" alt=\"\" class=\"wp-image-178286\" srcset=\"https:\/\/www.tucomarca.com\/wordpress\/segunda\/wp-content\/uploads\/2023\/02\/02Godayla.jpg 768w, https:\/\/www.tucomarca.com\/wordpress\/segunda\/wp-content\/uploads\/2023\/02\/02Godayla-300x300.jpg 300w, https:\/\/www.tucomarca.com\/wordpress\/segunda\/wp-content\/uploads\/2023\/02\/02Godayla-290x290.jpg 290w\" sizes=\"auto, (max-width: 768px) 100vw, 768px\" \/><\/figure>\n\n\n\n<figure class=\"wp-block-image size-large\"><img loading=\"lazy\" decoding=\"async\" width=\"886\" height=\"665\" data-id=\"178282\" src=\"https:\/\/www.tucomarca.com\/wordpress\/segunda\/wp-content\/uploads\/2023\/02\/00Godayla.jpg\" alt=\"\" class=\"wp-image-178282\" srcset=\"https:\/\/www.tucomarca.com\/wordpress\/segunda\/wp-content\/uploads\/2023\/02\/00Godayla.jpg 886w, https:\/\/www.tucomarca.com\/wordpress\/segunda\/wp-content\/uploads\/2023\/02\/00Godayla-300x225.jpg 300w, https:\/\/www.tucomarca.com\/wordpress\/segunda\/wp-content\/uploads\/2023\/02\/00Godayla-768x576.jpg 768w, https:\/\/www.tucomarca.com\/wordpress\/segunda\/wp-content\/uploads\/2023\/02\/00Godayla-678x509.jpg 678w, https:\/\/www.tucomarca.com\/wordpress\/segunda\/wp-content\/uploads\/2023\/02\/00Godayla-326x245.jpg 326w, https:\/\/www.tucomarca.com\/wordpress\/segunda\/wp-content\/uploads\/2023\/02\/00Godayla-80x60.jpg 80w\" sizes=\"auto, (max-width: 886px) 100vw, 886px\" \/><\/figure>\n<\/figure>\n","protected":false},"excerpt":{"rendered":"<div class=\"mh-excerpt\">Este pasado fin de semana se ha llevado a cabo en la carpa fallera montada en el polideportivo municipal la exaltaci\u00f3n de las Falleras Mayores de la comisi\u00f3n Godayla de Godelleta. El s\u00e1bado se present\u00f3 <a class=\"mh-excerpt-more\" href=\"https:\/\/www.tucomarca.com\/wordpress\/segunda\/maria-cervera-y-lorena-navarro-exaltadas-como-falleras-mayores-de-la-comision-godayla-de-godelleta\/\" title=\"Fotogaler\u00eda: Mar\u00eda Cervera y Lorena Navarro son exaltadas como Falleras Mayores de la comisi\u00f3n Godayla de Godelleta\">[+] <\/a><\/div>\n","protected":false},"author":12,"featured_media":178290,"comment_status":"open","ping_status":"open","sticky":false,"template":"","format":"gallery","meta":{"footnotes":""},"categories":[14,8,10,5,7,383,3],"tags":[18798,10383,5952],"class_list":{"0":"post-178279","1":"post","2":"type-post","3":"status-publish","4":"format-gallery","5":"has-post-thumbnail","7":"category-godelleta","8":"category-la-comarca","9":"category-la-hoya","10":"category-la-semana-en-imagenes","11":"category-ocio-y-cultura","12":"category-pueblos-en-fiestas","13":"category-seccion","14":"tag-falla-godayla","15":"tag-godelleta","16":"tag-la-hoya-de-bunol-chiva","17":"post_format-post-format-gallery"},"_links":{"self":[{"href":"https:\/\/www.tucomarca.com\/wordpress\/segunda\/wp-json\/wp\/v2\/posts\/178279","targetHints":{"allow":["GET"]}}],"collection":[{"href":"https:\/\/www.tucomarca.com\/wordpress\/segunda\/wp-json\/wp\/v2\/posts"}],"about":[{"href":"https:\/\/www.tucomarca.com\/wordpress\/segunda\/wp-json\/wp\/v2\/types\/post"}],"author":[{"embeddable":true,"href":"https:\/\/www.tucomarca.com\/wordpress\/segunda\/wp-json\/wp\/v2\/users\/12"}],"replies":[{"embeddable":true,"href":"https:\/\/www.tucomarca.com\/wordpress\/segunda\/wp-json\/wp\/v2\/comments?post=178279"}],"version-history":[{"count":0,"href":"https:\/\/www.tucomarca.com\/wordpress\/segunda\/wp-json\/wp\/v2\/posts\/178279\/revisions"}],"wp:featuredmedia":[{"embeddable":true,"href":"https:\/\/www.tucomarca.com\/wordpress\/segunda\/wp-json\/wp\/v2\/media\/178290"}],"wp:attachment":[{"href":"https:\/\/www.tucomarca.com\/wordpress\/segunda\/wp-json\/wp\/v2\/media?parent=178279"}],"wp:term":[{"taxonomy":"category","embeddable":true,"href":"https:\/\/www.tucomarca.com\/wordpress\/segunda\/wp-json\/wp\/v2\/categories?post=178279"},{"taxonomy":"post_tag","embeddable":true,"href":"https:\/\/www.tucomarca.com\/wordpress\/segunda\/wp-json\/wp\/v2\/tags?post=178279"}],"curies":[{"name":"wp","href":"https:\/\/api.w.org\/{rel}","templated":true}]}}