{"id":178531,"date":"2023-02-17T20:00:00","date_gmt":"2023-02-17T19:00:00","guid":{"rendered":"https:\/\/www.tucomarca.com\/wordpress\/segunda\/?p=178531"},"modified":"2023-02-17T20:08:50","modified_gmt":"2023-02-17T19:08:50","slug":"sanidad-notifica-11-fallecimientos-y-534-nuevos-casos-de-coronavirus-en-la-comunitat-valenciana-325-de-ellos-en-personas-mayores-de-60-anos","status":"publish","type":"post","link":"https:\/\/www.tucomarca.com\/wordpress\/segunda\/sanidad-notifica-11-fallecimientos-y-534-nuevos-casos-de-coronavirus-en-la-comunitat-valenciana-325-de-ellos-en-personas-mayores-de-60-anos\/","title":{"rendered":"Sanidad notifica 11 fallecimientos y 534 nuevos casos de coronavirus en la Comunitat Valenciana, 325 de ellos en personas mayores de 60 a\u00f1os"},"content":{"rendered":"\n<h3 class=\"wp-block-heading\"><strong>Los hospitales valencianos tienen 163 personas ingresadas por COVID, 13 de ellas en la UCI<\/strong><\/h3>\n\n\n\n<p>La Conselleria de Sanidad Universal y Salud P\u00fablica ha notificado un total de 534 nuevos casos de coronavirus confirmados por prueba PCR o a trav\u00e9s de test de ant\u00edgenos desde la \u00faltima actualizaci\u00f3n el pasado viernes. Los nuevos casos por provincias son 83 en Castell\u00f3n (196.116 en total), 176 en Alicante (535.944 en total) y 275 en Valencia (853.695 en total).<\/p>\n\n\n\n<p>De ellos, 325 son de personas mayores de 60 a\u00f1os. Por provincias: 66 de Castell\u00f3n, 110 de Alicante y 149 de Valencia.<\/p>\n\n\n\n<p>Los hospitales valencianos tienen actualmente 163 personas ingresadas por COVID, 13 de ellas en la UCI: 19 en la provincia de Castell\u00f3n, 0 en UCI; 57 en la provincia de Alicante, 3 de ellas en la UCI, y 87 en la provincia de Valencia, 10 en UCI.<\/p>\n\n\n\n<p>Se han notificado 11 fallecimientos por coronavirus desde la \u00faltima actualizaci\u00f3n, todos con fecha de defunci\u00f3n en los \u00faltimos 7 d\u00edas. Se trata de 7 mujeres, de entre 77 y 95 a\u00f1os, y 4 hombres de entre 63 y 94 a\u00f1os. El total de decesos desde el inicio de la pandemia asciende a 10.403: 1.254 en la provincia de Castell\u00f3n, 3.949 en la de Alicante y 5.200 en la de Valencia.<\/p>\n","protected":false},"excerpt":{"rendered":"<div class=\"mh-excerpt\">Los hospitales valencianos tienen 163 personas ingresadas por COVID, 13 de ellas en la UCI La Conselleria de Sanidad Universal y Salud P\u00fablica ha notificado un total de 534 nuevos casos de coronavirus confirmados por <a class=\"mh-excerpt-more\" href=\"https:\/\/www.tucomarca.com\/wordpress\/segunda\/sanidad-notifica-11-fallecimientos-y-534-nuevos-casos-de-coronavirus-en-la-comunitat-valenciana-325-de-ellos-en-personas-mayores-de-60-anos\/\" title=\"Sanidad notifica 11 fallecimientos y 534 nuevos casos de coronavirus en la Comunitat Valenciana, 325 de ellos en personas mayores de 60 a\u00f1os\">[+] <\/a><\/div>\n","protected":false},"author":1,"featured_media":150985,"comment_status":"open","ping_status":"open","sticky":false,"template":"","format":"standard","meta":{"footnotes":""},"categories":[119,12201,128,8,72,142,3,116],"tags":[11937,11938,2142,1973,2105],"class_list":{"0":"post-178531","1":"post","2":"type-post","3":"status-publish","4":"format-standard","5":"has-post-thumbnail","7":"category-sanidad-la-comarca","8":"category-covid-19","9":"category-infraestructuras","10":"category-la-comarca","11":"category-sin-categorizar","12":"category-politica-la-comarca","13":"category-seccion","14":"category-sucesos-la-comarca","15":"tag-coronavirus","16":"tag-covid-19","17":"tag-la-comunitat","18":"tag-vacunacion","19":"tag-vacunas"},"_links":{"self":[{"href":"https:\/\/www.tucomarca.com\/wordpress\/segunda\/wp-json\/wp\/v2\/posts\/178531","targetHints":{"allow":["GET"]}}],"collection":[{"href":"https:\/\/www.tucomarca.com\/wordpress\/segunda\/wp-json\/wp\/v2\/posts"}],"about":[{"href":"https:\/\/www.tucomarca.com\/wordpress\/segunda\/wp-json\/wp\/v2\/types\/post"}],"author":[{"embeddable":true,"href":"https:\/\/www.tucomarca.com\/wordpress\/segunda\/wp-json\/wp\/v2\/users\/1"}],"replies":[{"embeddable":true,"href":"https:\/\/www.tucomarca.com\/wordpress\/segunda\/wp-json\/wp\/v2\/comments?post=178531"}],"version-history":[{"count":0,"href":"https:\/\/www.tucomarca.com\/wordpress\/segunda\/wp-json\/wp\/v2\/posts\/178531\/revisions"}],"wp:featuredmedia":[{"embeddable":true,"href":"https:\/\/www.tucomarca.com\/wordpress\/segunda\/wp-json\/wp\/v2\/media\/150985"}],"wp:attachment":[{"href":"https:\/\/www.tucomarca.com\/wordpress\/segunda\/wp-json\/wp\/v2\/media?parent=178531"}],"wp:term":[{"taxonomy":"category","embeddable":true,"href":"https:\/\/www.tucomarca.com\/wordpress\/segunda\/wp-json\/wp\/v2\/categories?post=178531"},{"taxonomy":"post_tag","embeddable":true,"href":"https:\/\/www.tucomarca.com\/wordpress\/segunda\/wp-json\/wp\/v2\/tags?post=178531"}],"curies":[{"name":"wp","href":"https:\/\/api.w.org\/{rel}","templated":true}]}}