{"id":178786,"date":"2023-02-21T14:00:00","date_gmt":"2023-02-21T13:00:00","guid":{"rendered":"https:\/\/www.tucomarca.com\/wordpress\/segunda\/?p=178786"},"modified":"2023-02-21T20:04:37","modified_gmt":"2023-02-21T19:04:37","slug":"abel-marti-candidato-del-pp-a-la-alcaldia-de-la-pobla-de-vallbona","status":"publish","type":"post","link":"https:\/\/www.tucomarca.com\/wordpress\/segunda\/abel-marti-candidato-del-pp-a-la-alcaldia-de-la-pobla-de-vallbona\/","title":{"rendered":"<strong>Abel Mart\u00ed, candidato del PP a la alcald\u00eda de la Pobla de Vallbona&nbsp;<\/strong>"},"content":{"rendered":"\n<h3 class=\"wp-block-heading\"><strong>Abel Mart\u00ed, de 30 a\u00f1os, es graduado en Derecho, M\u00e1ster en Abogac\u00eda por la Universitat de Valencia y ejerce como abogado regentando su propio despacho, responsabilidad que ha compaginado con su cargo de concejal durante la presente legislatura<\/strong><\/h3>\n\n\n\n<h3 class=\"wp-block-heading\"><strong>Contelles: \u201cha sido elegido por unanimidad, confiamos en \u00e9l para ganar la alcald\u00eda de la Pobla y todo el PP, desde el equipo de concejales al \u00faltimo militante, nos ponemos a disposici\u00f3n de Abel para dejarnos la piel\u201d<\/strong><\/h3>\n\n\n\n<h3 class=\"wp-block-heading\"><strong>Abel Mart\u00ed: \u201cel PP sale a ganar y a gobernar, a ser la casa com\u00fan de todos los poblanos para tener el gobierno municipal que nos merecemos, queremos reunir en nuestra candidatura no s\u00f3lo a los votantes de centro y centro derecha, sino adem\u00e1s a todos los ciudadanos\u201d<\/strong><\/h3>\n\n\n\n<p>El Comit\u00e9 Electoral del Partido Popular de la Pobla de Vallbona ha decidido nombrar a Abel Mart\u00ed Cervera como candidato de la formaci\u00f3n a la alcald\u00eda del municipio para las pr\u00f3ximas elecciones municipales del 28 de mayo de 2023.&nbsp;<\/p>\n\n\n\n<p>De acuerdo a los estatutos del PP, la decisi\u00f3n adoptada por los populares de la Pobla de Vallbona ser\u00e1 ratificada por el Comit\u00e9 Electoral del PP de la Comunitat Valenciana quedando Abel Mart\u00ed proclamado como candidato \u201cpara recuperar la alcald\u00eda de la Pobla de Vallbona\u201d.&nbsp;<\/p>\n\n\n\n<p>Abel Mart\u00ed, de 30 a\u00f1os, actualmente es concejal del PP en el Ayuntamiento de la Pobla de Vallbona. Es graduado en Derecho, M\u00e1ster en Abogac\u00eda por la Universitat de Valencia y ejerce como abogado regentando su propio despacho, responsabilidad que ha compaginado con su cargo de concejal durante la presente legislatura.<\/p>\n\n\n\n<p>Con el nombramiento de Abel Mart\u00ed los populares de la Pobla de Vallbona apuestan por una cara nueva para su cartel electoral. La presidenta local del PP, Mari Carmen Contelles, que tambi\u00e9n fue alcaldesa de la localidad y es portavoz en el Ayuntamiento, ha destacado que el nombramiento de Abel Mart\u00ed \u201cha sido por unanimidad, confiamos en \u00e9l para ganar la alcald\u00eda de la Pobla y todo el PP, desde el equipo de concejales al \u00faltimo militante, nos ponemos a disposici\u00f3n de Abel para dejarnos la piel en la campa\u00f1a\u201d.&nbsp;<\/p>\n\n\n\n<p>El candidato del PP, Abel Mart\u00ed, ha resaltado que asume esta responsabilidad \u201ccon la tranquilidad y la confianza del trabajo bien hecho del PP en estos a\u00f1os de oposici\u00f3n, donde hemos sido la voz de los vecinos frente al gobierno caduco, despilfarrador e incapaz de defender nuestros intereses de Josep Vicent Garcia i Tamarit y sus socios\u201d. &nbsp;<\/p>\n\n\n\n<p>\u201cEl PP sale a ganar y a gobernar, a ser la casa com\u00fan de todos los poblanos para tener el gobierno municipal que nos merecemos, queremos reunir en nuestra candidatura no s\u00f3lo a los votantes de centro y centro derecha, sino adem\u00e1s a todos los ciudadanos que aunque sean de otra ideolog\u00eda quieran un municipio mejor, que cuide a sus mayores, que invierta en seguridad, en educaci\u00f3n, en servicios, en limpieza y jardines, que traiga inversiones, que tenga en cuenta al casco urbano y a las urbanizaciones, que gobierne para todos y no s\u00f3lo para ellos mismos\u201d, se ha comprometido Abel Mart\u00ed.&nbsp;<\/p>\n\n\n\n<p>El candidato del PP ha indicado que \u201cquedan tres meses apasionantes donde vamos a hacer una campa\u00f1a en positivo, de propuestas, recogiendo lo que quieren los vecinos frente al enga\u00f1o al que durante estos a\u00f1os les ha sometido el gobierno de Comprom\u00eds y PSOE. Se acab\u00f3 la \u00e9poca de las pronesas incumplidas y llega la etapa del gobierno del trabajo\u201d.&nbsp;<\/p>\n\n\n\n<p>\u201cVamos a cambiar el gobierno m\u00e1s caro y con m\u00e1s concejales y asesores cobrando de la Pobla de Vallbona que representa Josep Vicent Garcia i Tamarit por el gobierno m\u00e1s trabajador de la Pobla, ese es mi compromiso como candidato, e invito a todos a sumarse al proyecto del PP para hacerlo realidad\u201d, ha concluido Abel Mart\u00ed.&nbsp;<\/p>\n","protected":false},"excerpt":{"rendered":"<div class=\"mh-excerpt\">Abel Mart\u00ed, de 30 a\u00f1os, es graduado en Derecho, M\u00e1ster en Abogac\u00eda por la Universitat de Valencia y ejerce como abogado regentando su propio despacho, responsabilidad que ha compaginado con su cargo de concejal durante <a class=\"mh-excerpt-more\" href=\"https:\/\/www.tucomarca.com\/wordpress\/segunda\/abel-marti-candidato-del-pp-a-la-alcaldia-de-la-pobla-de-vallbona\/\" title=\"Abel Mart\u00ed, candidato del PP a la alcald\u00eda de la Pobla de Vallbona&nbsp;\">[+] <\/a><\/div>\n","protected":false},"author":1,"featured_media":178787,"comment_status":"open","ping_status":"open","sticky":false,"template":"","format":"standard","meta":{"footnotes":""},"categories":[46,128,8,174,142,3],"tags":[10395,1335,7279],"class_list":{"0":"post-178786","1":"post","2":"type-post","3":"status-publish","4":"format-standard","5":"has-post-thumbnail","7":"category-camp-de-turia","8":"category-infraestructuras","9":"category-la-comarca","10":"category-la-pobla","11":"category-politica-la-comarca","12":"category-seccion","13":"tag-camp-de-turia","14":"tag-la-pobla-de-vallbona","15":"tag-partido-popular"},"_links":{"self":[{"href":"https:\/\/www.tucomarca.com\/wordpress\/segunda\/wp-json\/wp\/v2\/posts\/178786","targetHints":{"allow":["GET"]}}],"collection":[{"href":"https:\/\/www.tucomarca.com\/wordpress\/segunda\/wp-json\/wp\/v2\/posts"}],"about":[{"href":"https:\/\/www.tucomarca.com\/wordpress\/segunda\/wp-json\/wp\/v2\/types\/post"}],"author":[{"embeddable":true,"href":"https:\/\/www.tucomarca.com\/wordpress\/segunda\/wp-json\/wp\/v2\/users\/1"}],"replies":[{"embeddable":true,"href":"https:\/\/www.tucomarca.com\/wordpress\/segunda\/wp-json\/wp\/v2\/comments?post=178786"}],"version-history":[{"count":0,"href":"https:\/\/www.tucomarca.com\/wordpress\/segunda\/wp-json\/wp\/v2\/posts\/178786\/revisions"}],"wp:featuredmedia":[{"embeddable":true,"href":"https:\/\/www.tucomarca.com\/wordpress\/segunda\/wp-json\/wp\/v2\/media\/178787"}],"wp:attachment":[{"href":"https:\/\/www.tucomarca.com\/wordpress\/segunda\/wp-json\/wp\/v2\/media?parent=178786"}],"wp:term":[{"taxonomy":"category","embeddable":true,"href":"https:\/\/www.tucomarca.com\/wordpress\/segunda\/wp-json\/wp\/v2\/categories?post=178786"},{"taxonomy":"post_tag","embeddable":true,"href":"https:\/\/www.tucomarca.com\/wordpress\/segunda\/wp-json\/wp\/v2\/tags?post=178786"}],"curies":[{"name":"wp","href":"https:\/\/api.w.org\/{rel}","templated":true}]}}