{"id":178813,"date":"2023-02-22T15:20:00","date_gmt":"2023-02-22T14:20:00","guid":{"rendered":"https:\/\/www.tucomarca.com\/wordpress\/segunda\/?p=178813"},"modified":"2023-02-22T19:59:16","modified_gmt":"2023-02-22T18:59:16","slug":"la-falla-monte-alton-de-yatova-presenta-a-ana-romero-y-jimena-garcia-como-falleras-mayores-2023","status":"publish","type":"post","link":"https:\/\/www.tucomarca.com\/wordpress\/segunda\/la-falla-monte-alton-de-yatova-presenta-a-ana-romero-y-jimena-garcia-como-falleras-mayores-2023\/","title":{"rendered":"La Falla Monte Alt\u00f3n de Y\u00e1tova presenta a Ana Romero y Jimena Garc\u00eda como Falleras Mayores 2023"},"content":{"rendered":"\n<p>Este s\u00e1bado tendr\u00e1 lugar en la Casa de la Cultura, la exaltaci\u00f3n de las Falleras Mayores de la comisi\u00f3n Monte Alt\u00f3n.&nbsp;<\/p>\n\n\n\n<p>A las 17,00 horas comenzar\u00e1 el pasacalle y recogida de las falleras mayores y a las 18,00 h, en el escenario de la Casa de la Cultura, est\u00e1 prevista la puesta de largo de Ana Romero y de Jimena Garc\u00eda, en su presentaci\u00f3n estar\u00e1n acompa\u00f1adas por Asier Morales, presidente infantil y Daniel Galindo, como presidente.<\/p>\n\n\n\n<p>Tambi\u00e9n se dar\u00e1 a&nbsp;conocer la corte de honor que acompa\u00f1ar\u00e1 a las falleras durante este 2023. La velada fallera finalizar\u00e1, como ya es tradici\u00f3n, con una cena y discom\u00f3vil. La fiesta ya no para en Y\u00e1tova, ya que el evento del 45 aniversario tendr\u00e1 lugar el s\u00e1bado, 4 de marzo, y el d\u00eda de los infantiles, domingo, 5 de marzo.<\/p>\n\n\n\n<p>Las m\u00e1ximas representantes de la Falla Monte Alt\u00f3n ya lo tienen todo preparado para vivir su semana Fallera.<\/p>\n","protected":false},"excerpt":{"rendered":"<div class=\"mh-excerpt\">Este s\u00e1bado tendr\u00e1 lugar en la Casa de la Cultura, la exaltaci\u00f3n de las Falleras Mayores de la comisi\u00f3n Monte Alt\u00f3n.&nbsp; A las 17,00 horas comenzar\u00e1 el pasacalle y recogida de las falleras mayores y <a class=\"mh-excerpt-more\" href=\"https:\/\/www.tucomarca.com\/wordpress\/segunda\/la-falla-monte-alton-de-yatova-presenta-a-ana-romero-y-jimena-garcia-como-falleras-mayores-2023\/\" title=\"La Falla Monte Alt\u00f3n de Y\u00e1tova presenta a Ana Romero y Jimena Garc\u00eda como Falleras Mayores 2023\">[+] <\/a><\/div>\n","protected":false},"author":12,"featured_media":178816,"comment_status":"open","ping_status":"open","sticky":false,"template":"","format":"standard","meta":{"footnotes":""},"categories":[4,8,10,7,3,11],"tags":[16566,5952,10380],"class_list":{"0":"post-178813","1":"post","2":"type-post","3":"status-publish","4":"format-standard","5":"has-post-thumbnail","7":"category-agenda","8":"category-la-comarca","9":"category-la-hoya","10":"category-ocio-y-cultura","11":"category-seccion","12":"category-yatova","13":"tag-falla-monte-alton","14":"tag-la-hoya-de-bunol-chiva","15":"tag-yatova"},"_links":{"self":[{"href":"https:\/\/www.tucomarca.com\/wordpress\/segunda\/wp-json\/wp\/v2\/posts\/178813","targetHints":{"allow":["GET"]}}],"collection":[{"href":"https:\/\/www.tucomarca.com\/wordpress\/segunda\/wp-json\/wp\/v2\/posts"}],"about":[{"href":"https:\/\/www.tucomarca.com\/wordpress\/segunda\/wp-json\/wp\/v2\/types\/post"}],"author":[{"embeddable":true,"href":"https:\/\/www.tucomarca.com\/wordpress\/segunda\/wp-json\/wp\/v2\/users\/12"}],"replies":[{"embeddable":true,"href":"https:\/\/www.tucomarca.com\/wordpress\/segunda\/wp-json\/wp\/v2\/comments?post=178813"}],"version-history":[{"count":0,"href":"https:\/\/www.tucomarca.com\/wordpress\/segunda\/wp-json\/wp\/v2\/posts\/178813\/revisions"}],"wp:featuredmedia":[{"embeddable":true,"href":"https:\/\/www.tucomarca.com\/wordpress\/segunda\/wp-json\/wp\/v2\/media\/178816"}],"wp:attachment":[{"href":"https:\/\/www.tucomarca.com\/wordpress\/segunda\/wp-json\/wp\/v2\/media?parent=178813"}],"wp:term":[{"taxonomy":"category","embeddable":true,"href":"https:\/\/www.tucomarca.com\/wordpress\/segunda\/wp-json\/wp\/v2\/categories?post=178813"},{"taxonomy":"post_tag","embeddable":true,"href":"https:\/\/www.tucomarca.com\/wordpress\/segunda\/wp-json\/wp\/v2\/tags?post=178813"}],"curies":[{"name":"wp","href":"https:\/\/api.w.org\/{rel}","templated":true}]}}