{"id":1789,"date":"2012-05-16T19:25:59","date_gmt":"2012-05-16T18:25:59","guid":{"rendered":"http:\/\/www.tucomarca.com\/wordpress\/segunda\/?p=1789"},"modified":"2012-05-16T19:25:59","modified_gmt":"2012-05-16T18:25:59","slug":"alzira-decide-los-jugadores-y-equipos-que-estaran-en-el-autonomico-de-tenis-de-mesa","status":"publish","type":"post","link":"https:\/\/www.tucomarca.com\/wordpress\/segunda\/alzira-decide-los-jugadores-y-equipos-que-estaran-en-el-autonomico-de-tenis-de-mesa\/","title":{"rendered":"Alzira decide los jugadores y equipos que estar\u00e1n en el Auton\u00f3mico de tenis de mesa"},"content":{"rendered":"<p>La localidade Alzira acogi\u00f3 este pasado fin de semana el torneo clasificatorio para participar en el Campeonato Auton\u00f3mico de tenis de mesa, que se disputar\u00e1 en Onda en junio. Un total de 24 jugadores y cinco equipos lograron el billete para estar en la competici\u00f3n m\u00e1s importante de la Federaci\u00f3n de Tennis Taula de la Comunitat Valenciana.<\/p>\n<p>Jorge Bosc\u00e1 e Iv\u00e1n Vega, del Burjassot; V\u00edctor Gamboa y Raimon Abell\u00e1n, del Dama de Elche; Pascual Serrano, V\u00edctor Mart\u00ednez, Gorgonio Mart\u00ednez y Jaime Beteg\u00f3n, del Pobla de Farnals; Juanjo Blanes y Carlos And\u00fajar, del Ribarroja; V\u00edctor Pellicer y Philippe Penades, del CTT Mediterr\u00e1neo; Santiago S\u00e1nchez, \u00c1ngel Balaguer, Mario Caballero, Carlos Rodilla y Javier Rodilla, del Alzira; Sergio S\u00e1nchez, del Elda; Jos\u00e9 Ramis, de La Vila; Urban Lekiecwz, del Paterna; Vicente Esparza y Sergio Mar\u00ed, del Benissa; David Redondo, del Alt Vinalop\u00f3; y Vicente Pedro Vidal, del Onda, lograron su clasificaci\u00f3n para la cita individual.<\/p>\n<p>Todos ellos cumplieron con su objetivo de meterse entre los mejores de la Comunitat Valenciana tras superar una fase de grupos. Cerca de 90 palistas participaron en la cita que se dividi\u00f3 en 12 cuadros, de los cuales s\u00f3lo los dos primeros se clasificaron para el Auton\u00f3mico.<\/p>\n<p>Por otra parte, en la competici\u00f3n por equipos, el CD Puebla de Farnals, IES Ribarroja, EDM Paterna, CTM Dama de Elche y CTT Benissa lograron su acceso al Auton\u00f3mico tras ser los mejores de la cita de Alzira.<\/p>\n","protected":false},"excerpt":{"rendered":"<div class=\"mh-excerpt\">La localidade Alzira acogi\u00f3 este pasado fin de semana el torneo clasificatorio para participar en el Campeonato Auton\u00f3mico de tenis de mesa, que se disputar\u00e1 en Onda en junio. Un total de 24 jugadores y <a class=\"mh-excerpt-more\" href=\"https:\/\/www.tucomarca.com\/wordpress\/segunda\/alzira-decide-los-jugadores-y-equipos-que-estaran-en-el-autonomico-de-tenis-de-mesa\/\" title=\"Alzira decide los jugadores y equipos que estar\u00e1n en el Auton\u00f3mico de tenis de mesa\">[+] <\/a><\/div>\n","protected":false},"author":1,"featured_media":1801,"comment_status":"open","ping_status":"open","sticky":false,"template":"","format":"standard","meta":{"footnotes":""},"categories":[69,6,42,199,3],"tags":[],"class_list":{"0":"post-1789","1":"post","2":"type-post","3":"status-publish","4":"format-standard","5":"has-post-thumbnail","7":"category-alzira","8":"category-deportes","9":"category-la-ribera","10":"category-polideportivo","11":"category-seccion"},"_links":{"self":[{"href":"https:\/\/www.tucomarca.com\/wordpress\/segunda\/wp-json\/wp\/v2\/posts\/1789","targetHints":{"allow":["GET"]}}],"collection":[{"href":"https:\/\/www.tucomarca.com\/wordpress\/segunda\/wp-json\/wp\/v2\/posts"}],"about":[{"href":"https:\/\/www.tucomarca.com\/wordpress\/segunda\/wp-json\/wp\/v2\/types\/post"}],"author":[{"embeddable":true,"href":"https:\/\/www.tucomarca.com\/wordpress\/segunda\/wp-json\/wp\/v2\/users\/1"}],"replies":[{"embeddable":true,"href":"https:\/\/www.tucomarca.com\/wordpress\/segunda\/wp-json\/wp\/v2\/comments?post=1789"}],"version-history":[{"count":0,"href":"https:\/\/www.tucomarca.com\/wordpress\/segunda\/wp-json\/wp\/v2\/posts\/1789\/revisions"}],"wp:featuredmedia":[{"embeddable":true,"href":"https:\/\/www.tucomarca.com\/wordpress\/segunda\/wp-json\/wp\/v2\/media\/1801"}],"wp:attachment":[{"href":"https:\/\/www.tucomarca.com\/wordpress\/segunda\/wp-json\/wp\/v2\/media?parent=1789"}],"wp:term":[{"taxonomy":"category","embeddable":true,"href":"https:\/\/www.tucomarca.com\/wordpress\/segunda\/wp-json\/wp\/v2\/categories?post=1789"},{"taxonomy":"post_tag","embeddable":true,"href":"https:\/\/www.tucomarca.com\/wordpress\/segunda\/wp-json\/wp\/v2\/tags?post=1789"}],"curies":[{"name":"wp","href":"https:\/\/api.w.org\/{rel}","templated":true}]}}