{"id":179256,"date":"2023-02-26T17:00:00","date_gmt":"2023-02-26T16:00:00","guid":{"rendered":"https:\/\/www.tucomarca.com\/wordpress\/segunda\/?p=179256"},"modified":"2023-02-28T12:40:41","modified_gmt":"2023-02-28T11:40:41","slug":"riba-roja-extendera-la-banda-ancha-de-muy-alta-velocidad-a-66-nucleos-del-termino-municipal-sin-cobertura-actual-ni-prevista-para-los-proximos-anos","status":"publish","type":"post","link":"https:\/\/www.tucomarca.com\/wordpress\/segunda\/riba-roja-extendera-la-banda-ancha-de-muy-alta-velocidad-a-66-nucleos-del-termino-municipal-sin-cobertura-actual-ni-prevista-para-los-proximos-anos\/","title":{"rendered":"Riba-roja extender\u00e1 la banda ancha de muy alta velocidad a 66 n\u00facleos del t\u00e9rmino municipal sin cobertura actual ni prevista para los pr\u00f3ximos a\u00f1os"},"content":{"rendered":"\n<h4 class=\"wp-block-heading\">El Ministerio de Asuntos Econ\u00f3micos y Transformaci\u00f3n Digital ha publicado el n\u00famero de \u00e1reas que resultar\u00e1n beneficiadas en cada municipio con la puesta en marcha de esta iniciativa europea&nbsp;<\/h4>\n\n\n\n<p>El Ministerio de Asuntos Econ\u00f3micos y Transformaci\u00f3n Digital ha publicado el listado de las zonas que resultar\u00e1n beneficiadas con la extensi\u00f3n de la banda ancha de muy alta velocidad en cada uno de los municipios de Espa\u00f1a. La iniciativa del ministerio se incluye en el Plan de Recuperaci\u00f3n, Transformaci\u00f3n y Resiliencia del gobierno financiado con los denominados fondos europeos Next Generation.&nbsp;<\/p>\n\n\n\n<p>El impulso de este proyecto responde al objetivo de extender las nuevas tecnolog\u00edas a cada uno de los rincones de toda Espa\u00f1a, especialmente en aquellas localidades con mayores dificultades de conexi\u00f3n, as\u00ed como aquellos lugares dentro de cada localidad con m\u00e1s problemas a la hora de utilizar las nuevas tecnolog\u00edas. En el caso de la Comunitat Valenciana es la Conselleria de Innovaci\u00f3n, Universidades, Ciencia y Sociedad Digital la encargada de promover la iniciativa.&nbsp;<\/p>\n\n\n\n<p>El Ministerio de Asuntos Econ\u00f3micos y Transformaci\u00f3n Digital ha previsto que en el caso de Riba-roja de T\u00faria se extender\u00e1 la cobertura a un total de 66 n\u00facleos poblacionales en los que, actualmente, existen problemas para sus vecinos a la hora de conectarse a las nuevas tecnolog\u00edas. De esta forma, con la puesta en marcha de este plan todos los vecinos de Riba-roja de T\u00faria tendr\u00e1n las mismas oportunidades y acceso a la informaci\u00f3n p\u00fablica.&nbsp;<\/p>\n\n\n\n<p>De esta forma, el proyecto del ministerio est\u00e1 previsto que se pueda llevar a cabo sobre los 66 n\u00facleos del t\u00e9rmino municipal que est\u00e1n calificados, t\u00e9cnicamente, como \u201czonas blancas\u201d en las que, actualmente, no existe cobertura ni tampoco est\u00e1 prevista en los pr\u00f3ximos a\u00f1os. Por tanto, con este proyecto financiado por la Uni\u00f3n Europea se permitir\u00e1 una cobertura en todas las zonas del t\u00e9rmino municipal a una muy alta velocidad.&nbsp;<\/p>\n\n\n\n<p>El programa de extensi\u00f3n de la banda ancha de nueva generaci\u00f3n est\u00e1 cofinanciado con el Fondo Europeo de Desarrollo Regional (Feder) que permitir\u00e1 mejorar la funcionalidad y la calidad de los servicios digitales necesarios para la transformaci\u00f3n digital y, de esta forma, aumentar el bienestar y la calidad de vida de los ciudadanos, con el \u00e1nimo de contribuir al \u00e9xito de un modelo de crecimiento sostenible a trav\u00e9s del cual est\u00e1n cimentadas las sociedades actuales modernas.&nbsp;<\/p>\n\n\n\n<p>Este programa tecnol\u00f3gico tiene una asignaci\u00f3n cercana a los 25 millones de euros para el periodo comprendido entre 2022 y 2025, que permitir\u00e1n proporcionar los servicios de banda ancha a 67.561 viviendas que se distribuyen, a su vez, en los 479 municipios valencianos previstos. En el caso de la provincia de Val\u00e8ncia, est\u00e1 previsto llevar a cabo esta iniciativa mediante 20.374 actuaciones en unidades inmobiliarias con los 7 millones de euros en total asignados.<\/p>\n\n\n\n<p>Adem\u00e1s, el Ayuntamiento de Riba-roja de T\u00faria ha asignado una partida en las cuentas econ\u00f3micas de este a\u00f1o 2023 con un total de 25.000 euros destinado a eliminar la brecha digital entre los propios vecinos y barrios del t\u00e9rmino municipal. El presupuesto de este a\u00f1o 2023 prev\u00e9 otra partida econ\u00f3mica de hasta 157.000 euros destinada a la digitalizaci\u00f3n de la administraci\u00f3n que pretende agilizar el proceso administrativo en toda su extensi\u00f3n.&nbsp;<\/p>\n\n\n\n<p>El alcalde de Riba-roja de T\u00faria, Robert Raga, ha subrayado el car\u00e1cter \u201cdemocratizador\u201d de la iniciativa financiada con los fondos europeos \u201cpara poder extender las nuevas tecnolog\u00edas de la denominada sociedad de la Informaci\u00f3n a todos los rincones de nuestro t\u00e9rmino municipal ya que se trata de un derecho fundamental para nuestros ciudadanos que permitir\u00e1 a cualquier persona poder conectarse a la red sin problemas y a una velocidad alta\u201d.&nbsp;<\/p>\n","protected":false},"excerpt":{"rendered":"<div class=\"mh-excerpt\">El Ministerio de Asuntos Econ\u00f3micos y Transformaci\u00f3n Digital ha publicado el n\u00famero de \u00e1reas que resultar\u00e1n beneficiadas en cada municipio con la puesta en marcha de esta iniciativa europea&nbsp; El Ministerio de Asuntos Econ\u00f3micos y <a class=\"mh-excerpt-more\" href=\"https:\/\/www.tucomarca.com\/wordpress\/segunda\/riba-roja-extendera-la-banda-ancha-de-muy-alta-velocidad-a-66-nucleos-del-termino-municipal-sin-cobertura-actual-ni-prevista-para-los-proximos-anos\/\" title=\"Riba-roja extender\u00e1 la banda ancha de muy alta velocidad a 66 n\u00facleos del t\u00e9rmino municipal sin cobertura actual ni prevista para los pr\u00f3ximos a\u00f1os\">[+] <\/a><\/div>\n","protected":false},"author":12,"featured_media":179259,"comment_status":"open","ping_status":"open","sticky":false,"template":"","format":"standard","meta":{"footnotes":""},"categories":[46,128,8,142,182,3],"tags":[13066,10395,15023],"class_list":{"0":"post-179256","1":"post","2":"type-post","3":"status-publish","4":"format-standard","5":"has-post-thumbnail","7":"category-camp-de-turia","8":"category-infraestructuras","9":"category-la-comarca","10":"category-politica-la-comarca","11":"category-riba-roja","12":"category-seccion","13":"tag-banda-ancha","14":"tag-camp-de-turia","15":"tag-riba-roja-de-turia"},"_links":{"self":[{"href":"https:\/\/www.tucomarca.com\/wordpress\/segunda\/wp-json\/wp\/v2\/posts\/179256","targetHints":{"allow":["GET"]}}],"collection":[{"href":"https:\/\/www.tucomarca.com\/wordpress\/segunda\/wp-json\/wp\/v2\/posts"}],"about":[{"href":"https:\/\/www.tucomarca.com\/wordpress\/segunda\/wp-json\/wp\/v2\/types\/post"}],"author":[{"embeddable":true,"href":"https:\/\/www.tucomarca.com\/wordpress\/segunda\/wp-json\/wp\/v2\/users\/12"}],"replies":[{"embeddable":true,"href":"https:\/\/www.tucomarca.com\/wordpress\/segunda\/wp-json\/wp\/v2\/comments?post=179256"}],"version-history":[{"count":0,"href":"https:\/\/www.tucomarca.com\/wordpress\/segunda\/wp-json\/wp\/v2\/posts\/179256\/revisions"}],"wp:featuredmedia":[{"embeddable":true,"href":"https:\/\/www.tucomarca.com\/wordpress\/segunda\/wp-json\/wp\/v2\/media\/179259"}],"wp:attachment":[{"href":"https:\/\/www.tucomarca.com\/wordpress\/segunda\/wp-json\/wp\/v2\/media?parent=179256"}],"wp:term":[{"taxonomy":"category","embeddable":true,"href":"https:\/\/www.tucomarca.com\/wordpress\/segunda\/wp-json\/wp\/v2\/categories?post=179256"},{"taxonomy":"post_tag","embeddable":true,"href":"https:\/\/www.tucomarca.com\/wordpress\/segunda\/wp-json\/wp\/v2\/tags?post=179256"}],"curies":[{"name":"wp","href":"https:\/\/api.w.org\/{rel}","templated":true}]}}