{"id":179765,"date":"2023-03-03T19:19:00","date_gmt":"2023-03-03T18:19:00","guid":{"rendered":"https:\/\/www.tucomarca.com\/wordpress\/segunda\/?p=179765"},"modified":"2023-03-03T20:49:50","modified_gmt":"2023-03-03T19:49:50","slug":"alba-anon-e-izan-lopez-ganan-el-concurso-de-dibujo-de-la-semana-de-las-mujeres-de-turis","status":"publish","type":"post","link":"https:\/\/www.tucomarca.com\/wordpress\/segunda\/alba-anon-e-izan-lopez-ganan-el-concurso-de-dibujo-de-la-semana-de-las-mujeres-de-turis\/","title":{"rendered":"Alba A\u00f1\u00f3n e Izan L\u00f3pez ganan el concurso de dibujo de la semana de las mujeres de Tur\u00eds"},"content":{"rendered":"\n<p>Ayer se inaugur\u00f3 la exposici\u00f3n con todos los dibujos del alumnado de 5.\u00ba y 6.\u00ba del CEIP Joaqu\u00edn Mu\u00f1oz que ha participado en el concurso organizado por el Ayuntamiento para conmemorar la Semana de las Mujeres.<\/p>\n\n\n\n<p>La obra de Alba A\u00f1\u00f3n Crespo ha sido la elegida para el cartel anunciador, mientras que la de Izan L\u00f3pez Mart\u00ednez figura en el folleto informativo de las actividades.<\/p>\n\n\n\n<p>El alcalde y miembros del equipo de gobierno hicieron entrega a Alba e Izan de dos vales de compra para el comercio local. Para todo el alumnado que ha participado se repartir\u00e1 tambi\u00e9n un detalle. La exposici\u00f3n se podr\u00e1 ver hasta el 8 de marzo por las tardes en la Casa Museo.<\/p>\n","protected":false},"excerpt":{"rendered":"<div class=\"mh-excerpt\">Ayer se inaugur\u00f3 la exposici\u00f3n con todos los dibujos del alumnado de 5.\u00ba y 6.\u00ba del CEIP Joaqu\u00edn Mu\u00f1oz que ha participado en el concurso organizado por el Ayuntamiento para conmemorar la Semana de las <a class=\"mh-excerpt-more\" href=\"https:\/\/www.tucomarca.com\/wordpress\/segunda\/alba-anon-e-izan-lopez-ganan-el-concurso-de-dibujo-de-la-semana-de-las-mujeres-de-turis\/\" title=\"Alba A\u00f1\u00f3n e Izan L\u00f3pez ganan el concurso de dibujo de la semana de las mujeres de Tur\u00eds\">[+] <\/a><\/div>\n","protected":false},"author":12,"featured_media":179769,"comment_status":"open","ping_status":"open","sticky":false,"template":"","format":"standard","meta":{"footnotes":""},"categories":[128,8,42,7,142,3,43],"tags":[1407,10394],"class_list":{"0":"post-179765","1":"post","2":"type-post","3":"status-publish","4":"format-standard","5":"has-post-thumbnail","7":"category-infraestructuras","8":"category-la-comarca","9":"category-la-ribera","10":"category-ocio-y-cultura","11":"category-politica-la-comarca","12":"category-seccion","13":"category-turis","14":"tag-ribera-alta","15":"tag-turis"},"_links":{"self":[{"href":"https:\/\/www.tucomarca.com\/wordpress\/segunda\/wp-json\/wp\/v2\/posts\/179765","targetHints":{"allow":["GET"]}}],"collection":[{"href":"https:\/\/www.tucomarca.com\/wordpress\/segunda\/wp-json\/wp\/v2\/posts"}],"about":[{"href":"https:\/\/www.tucomarca.com\/wordpress\/segunda\/wp-json\/wp\/v2\/types\/post"}],"author":[{"embeddable":true,"href":"https:\/\/www.tucomarca.com\/wordpress\/segunda\/wp-json\/wp\/v2\/users\/12"}],"replies":[{"embeddable":true,"href":"https:\/\/www.tucomarca.com\/wordpress\/segunda\/wp-json\/wp\/v2\/comments?post=179765"}],"version-history":[{"count":0,"href":"https:\/\/www.tucomarca.com\/wordpress\/segunda\/wp-json\/wp\/v2\/posts\/179765\/revisions"}],"wp:featuredmedia":[{"embeddable":true,"href":"https:\/\/www.tucomarca.com\/wordpress\/segunda\/wp-json\/wp\/v2\/media\/179769"}],"wp:attachment":[{"href":"https:\/\/www.tucomarca.com\/wordpress\/segunda\/wp-json\/wp\/v2\/media?parent=179765"}],"wp:term":[{"taxonomy":"category","embeddable":true,"href":"https:\/\/www.tucomarca.com\/wordpress\/segunda\/wp-json\/wp\/v2\/categories?post=179765"},{"taxonomy":"post_tag","embeddable":true,"href":"https:\/\/www.tucomarca.com\/wordpress\/segunda\/wp-json\/wp\/v2\/tags?post=179765"}],"curies":[{"name":"wp","href":"https:\/\/api.w.org\/{rel}","templated":true}]}}