{"id":179868,"date":"2023-03-06T10:00:00","date_gmt":"2023-03-06T09:00:00","guid":{"rendered":"https:\/\/www.tucomarca.com\/wordpress\/segunda\/?p=179868"},"modified":"2023-03-06T13:15:44","modified_gmt":"2023-03-06T12:15:44","slug":"aduc-demanda-al-gobierno-de-chiva-que-se-tenga-en-cuenta-el-cumplimiento-de-normativa-en-la-colocacion-de-mas-de-2-000-buzones-de-correos-comunitarios-en-calicanto","status":"publish","type":"post","link":"https:\/\/www.tucomarca.com\/wordpress\/segunda\/aduc-demanda-al-gobierno-de-chiva-que-se-tenga-en-cuenta-el-cumplimiento-de-normativa-en-la-colocacion-de-mas-de-2-000-buzones-de-correos-comunitarios-en-calicanto\/","title":{"rendered":"ADUC demanda al gobierno de Chiva que se \u00abtenga en cuenta el cumplimiento de normativa en la colocaci\u00f3n de m\u00e1s de 2.000 buzones de correos comunitarios en Calicanto\u00bb"},"content":{"rendered":"\n<h3 class=\"wp-block-heading\">La situaci\u00f3n es \u00ablamentable y requiere una actuaci\u00f3n inmediata, como se ha pedido en la moci\u00f3n que ha presentado la formaci\u00f3n en el pleno del pasado d\u00eda 28 de febrero de 2023, debido al gran malestar que est\u00e1 ocasionando a los vecinos\u00bb, seg\u00fan ADUC.<\/h3>\n\n\n\n<p>Alternativa Diseminados y Urbanizaciones de Chiva, ADUC, demanda al equipo de Gobierno del Ayuntamiento de Chiva que se tenga en cuenta \u00abel cumplimiento de normativa en Urbanizaciones y Diseminados de Chiva respecto a la colocaci\u00f3n de buzones, ya que no ha salido adelante la moci\u00f3n presentada por dicho grupo municipal debido al voto de calidad del alcalde\u00bb.<\/p>\n\n\n\n<p>El portavoz del Grupo Municipal, Manuel Verdeguer, ha recodado que con esta moci\u00f3n \u201cnos hemos hecho eco de una petici\u00f3n que ha denunciado tanto la asociaci\u00f3n de vecinos de Calicanto como muchos vecinos de manera individual quedando registradas sus quejas en el registro general de dicho ayuntamiento\u201d.<\/p>\n\n\n\n<p>Ante la necesidad de actuar, ha destacado \u00abel mal estado en el que se encuentran los nuevos buzones centralizados y el peligro que pueden llegar a ocasionar dichas instalaciones met\u00e1licas colocadas al lado de un parque infantil\u00bb. \u00a0<\/p>\n\n\n\n<p>Manuel Verdeguer hace hincapi\u00e9 en que los buzones colocados en una parcela p\u00fablica exterior, sin iluminaci\u00f3n en Calicanto \u201cno cumplen la normativa pues han sido desinstalados de oficinas de interior, estando muchos de ellos oxidados, con faltas de llaves, y con tama\u00f1os no acorde a la norma.\u201d Adem\u00e1s de eso, se quiere recordar que se exige a los vecinos la obligaci\u00f3n del mantenimiento por parte de ellos y as\u00ed el ayuntamiento se exime de mantener los buzones situados en suelo p\u00fablico.<\/p>\n\n\n\n<p>Asimismo, ha a\u00f1adido el portavoz, \u201cen el Pleno del 27 de Julio de 2018, por mayor\u00eda absoluta, se decidi\u00f3 que se realizara la modificaci\u00f3n presupuestaria para hacerse cargo del coste que acarrea la aplicaci\u00f3n de los preceptos de la Ley (nueva instalaci\u00f3n de m\u00f3dulo con sus correspondientes buzones). \u00a0<\/p>\n\n\n\n<p>Verdeguer, ha recordado que \u201cdicho consistorio presume de un super\u00e1vit de m\u00e1s de 14.000.000 \u20ac y no entiende el por qu\u00e9 se produce este abandono haciendo sentirse m\u00e1s discriminados a los vecinos de las urbanizaciones y diseminados del resto del municipio de Chiva, cuando ellos llegan a pagar hasta m\u00e1s impuestos y recibiendo como recompensa por ello falta de servicios y falta de agua potable en algunas zonas con m\u00e1s de 3 000 vecinos\u201d.<\/p>\n","protected":false},"excerpt":{"rendered":"<div class=\"mh-excerpt\">La situaci\u00f3n es \u00ablamentable y requiere una actuaci\u00f3n inmediata, como se ha pedido en la moci\u00f3n que ha presentado la formaci\u00f3n en el pleno del pasado d\u00eda 28 de febrero de 2023, debido al gran <a class=\"mh-excerpt-more\" href=\"https:\/\/www.tucomarca.com\/wordpress\/segunda\/aduc-demanda-al-gobierno-de-chiva-que-se-tenga-en-cuenta-el-cumplimiento-de-normativa-en-la-colocacion-de-mas-de-2-000-buzones-de-correos-comunitarios-en-calicanto\/\" title=\"ADUC demanda al gobierno de Chiva que se \u00abtenga en cuenta el cumplimiento de normativa en la colocaci\u00f3n de m\u00e1s de 2.000 buzones de correos comunitarios en Calicanto\u00bb\">[+] <\/a><\/div>\n","protected":false},"author":1,"featured_media":179870,"comment_status":"open","ping_status":"open","sticky":false,"template":"","format":"standard","meta":{"footnotes":""},"categories":[16,128,8,72,10,142,3],"tags":[1561,10384,4115,5952],"class_list":{"0":"post-179868","1":"post","2":"type-post","3":"status-publish","4":"format-standard","5":"has-post-thumbnail","7":"category-chiva","8":"category-infraestructuras","9":"category-la-comarca","10":"category-sin-categorizar","11":"category-la-hoya","12":"category-politica-la-comarca","13":"category-seccion","14":"tag-calicanto","15":"tag-chiva","16":"tag-correos","17":"tag-la-hoya-de-bunol-chiva"},"_links":{"self":[{"href":"https:\/\/www.tucomarca.com\/wordpress\/segunda\/wp-json\/wp\/v2\/posts\/179868","targetHints":{"allow":["GET"]}}],"collection":[{"href":"https:\/\/www.tucomarca.com\/wordpress\/segunda\/wp-json\/wp\/v2\/posts"}],"about":[{"href":"https:\/\/www.tucomarca.com\/wordpress\/segunda\/wp-json\/wp\/v2\/types\/post"}],"author":[{"embeddable":true,"href":"https:\/\/www.tucomarca.com\/wordpress\/segunda\/wp-json\/wp\/v2\/users\/1"}],"replies":[{"embeddable":true,"href":"https:\/\/www.tucomarca.com\/wordpress\/segunda\/wp-json\/wp\/v2\/comments?post=179868"}],"version-history":[{"count":0,"href":"https:\/\/www.tucomarca.com\/wordpress\/segunda\/wp-json\/wp\/v2\/posts\/179868\/revisions"}],"wp:featuredmedia":[{"embeddable":true,"href":"https:\/\/www.tucomarca.com\/wordpress\/segunda\/wp-json\/wp\/v2\/media\/179870"}],"wp:attachment":[{"href":"https:\/\/www.tucomarca.com\/wordpress\/segunda\/wp-json\/wp\/v2\/media?parent=179868"}],"wp:term":[{"taxonomy":"category","embeddable":true,"href":"https:\/\/www.tucomarca.com\/wordpress\/segunda\/wp-json\/wp\/v2\/categories?post=179868"},{"taxonomy":"post_tag","embeddable":true,"href":"https:\/\/www.tucomarca.com\/wordpress\/segunda\/wp-json\/wp\/v2\/tags?post=179868"}],"curies":[{"name":"wp","href":"https:\/\/api.w.org\/{rel}","templated":true}]}}