{"id":180031,"date":"2023-03-07T19:00:00","date_gmt":"2023-03-07T18:00:00","guid":{"rendered":"https:\/\/www.tucomarca.com\/wordpress\/segunda\/?p=180031"},"modified":"2023-03-07T21:38:43","modified_gmt":"2023-03-07T20:38:43","slug":"las-fallas-de-turis-llaman-a-la-fiesta","status":"publish","type":"post","link":"https:\/\/www.tucomarca.com\/wordpress\/segunda\/las-fallas-de-turis-llaman-a-la-fiesta\/","title":{"rendered":"<strong>Las fallas de Tur\u00eds llaman a la fiesta<\/strong>"},"content":{"rendered":"\n<figure class=\"wp-block-gallery has-nested-images columns-default is-cropped wp-block-gallery-1 is-layout-flex wp-block-gallery-is-layout-flex\">\n<figure class=\"wp-block-image size-large\"><img loading=\"lazy\" decoding=\"async\" width=\"709\" height=\"473\" data-id=\"180038\" src=\"https:\/\/www.tucomarca.com\/wordpress\/segunda\/wp-content\/uploads\/2023\/03\/cridaTuris01.jpg\" alt=\"\" class=\"wp-image-180038\" srcset=\"https:\/\/www.tucomarca.com\/wordpress\/segunda\/wp-content\/uploads\/2023\/03\/cridaTuris01.jpg 709w, https:\/\/www.tucomarca.com\/wordpress\/segunda\/wp-content\/uploads\/2023\/03\/cridaTuris01-300x200.jpg 300w\" sizes=\"auto, (max-width: 709px) 100vw, 709px\" \/><\/figure>\n\n\n\n<figure class=\"wp-block-image size-large\"><img loading=\"lazy\" decoding=\"async\" width=\"709\" height=\"473\" data-id=\"180036\" src=\"https:\/\/www.tucomarca.com\/wordpress\/segunda\/wp-content\/uploads\/2023\/03\/cridaTuris2.jpg\" alt=\"\" class=\"wp-image-180036\" srcset=\"https:\/\/www.tucomarca.com\/wordpress\/segunda\/wp-content\/uploads\/2023\/03\/cridaTuris2.jpg 709w, https:\/\/www.tucomarca.com\/wordpress\/segunda\/wp-content\/uploads\/2023\/03\/cridaTuris2-300x200.jpg 300w\" sizes=\"auto, (max-width: 709px) 100vw, 709px\" \/><\/figure>\n<\/figure>\n\n\n\n<p>La crida de las comisiones turisanas se convirti\u00f3 el pasado domingo en una invitaci\u00f3n colectiva y desde la hermandad para vivir las fallas que llegan despu\u00e9s de Sant Jos\u00e9.<\/p>\n\n\n\n<p>Un pasacalle con un ambiente impresionante recorri\u00f3 todos los casales formando una serpiente multicolor. Desemboc\u00f3 en el ayuntamiento, donde falleras mayores y presidentes se dirigieron desde el balc\u00f3n consistorial a todo el mundo con una alegr\u00eda que no se pod\u00eda ocultar. Con la emoci\u00f3n propia del momento, y los estandartes bien altos, el acto acab\u00f3 con la interpretaci\u00f3n del Himno Regional y una chocolatada popular.<\/p>\n","protected":false},"excerpt":{"rendered":"<div class=\"mh-excerpt\">La crida de las comisiones turisanas se convirti\u00f3 el pasado domingo en una invitaci\u00f3n colectiva y desde la hermandad para vivir las fallas que llegan despu\u00e9s de Sant Jos\u00e9. Un pasacalle con un ambiente impresionante <a class=\"mh-excerpt-more\" href=\"https:\/\/www.tucomarca.com\/wordpress\/segunda\/las-fallas-de-turis-llaman-a-la-fiesta\/\" title=\"Las fallas de Tur\u00eds llaman a la fiesta\">[+] <\/a><\/div>\n","protected":false},"author":12,"featured_media":180034,"comment_status":"open","ping_status":"open","sticky":false,"template":"","format":"gallery","meta":{"footnotes":""},"categories":[8,42,5,7,383,3,43,45],"tags":[733,17139,1407,10394],"class_list":{"0":"post-180031","1":"post","2":"type-post","3":"status-publish","4":"format-gallery","5":"has-post-thumbnail","7":"category-la-comarca","8":"category-la-ribera","9":"category-la-semana-en-imagenes","10":"category-ocio-y-cultura","11":"category-pueblos-en-fiestas","12":"category-seccion","13":"category-turis","14":"category-ventana","15":"tag-crida","16":"tag-fallas-2023","17":"tag-ribera-alta","18":"tag-turis","19":"post_format-post-format-gallery"},"_links":{"self":[{"href":"https:\/\/www.tucomarca.com\/wordpress\/segunda\/wp-json\/wp\/v2\/posts\/180031","targetHints":{"allow":["GET"]}}],"collection":[{"href":"https:\/\/www.tucomarca.com\/wordpress\/segunda\/wp-json\/wp\/v2\/posts"}],"about":[{"href":"https:\/\/www.tucomarca.com\/wordpress\/segunda\/wp-json\/wp\/v2\/types\/post"}],"author":[{"embeddable":true,"href":"https:\/\/www.tucomarca.com\/wordpress\/segunda\/wp-json\/wp\/v2\/users\/12"}],"replies":[{"embeddable":true,"href":"https:\/\/www.tucomarca.com\/wordpress\/segunda\/wp-json\/wp\/v2\/comments?post=180031"}],"version-history":[{"count":0,"href":"https:\/\/www.tucomarca.com\/wordpress\/segunda\/wp-json\/wp\/v2\/posts\/180031\/revisions"}],"wp:featuredmedia":[{"embeddable":true,"href":"https:\/\/www.tucomarca.com\/wordpress\/segunda\/wp-json\/wp\/v2\/media\/180034"}],"wp:attachment":[{"href":"https:\/\/www.tucomarca.com\/wordpress\/segunda\/wp-json\/wp\/v2\/media?parent=180031"}],"wp:term":[{"taxonomy":"category","embeddable":true,"href":"https:\/\/www.tucomarca.com\/wordpress\/segunda\/wp-json\/wp\/v2\/categories?post=180031"},{"taxonomy":"post_tag","embeddable":true,"href":"https:\/\/www.tucomarca.com\/wordpress\/segunda\/wp-json\/wp\/v2\/tags?post=180031"}],"curies":[{"name":"wp","href":"https:\/\/api.w.org\/{rel}","templated":true}]}}