{"id":18037,"date":"2013-09-26T18:06:10","date_gmt":"2013-09-26T15:06:10","guid":{"rendered":"http:\/\/www.tucomarca.com\/wordpress\/segunda\/?p=18037"},"modified":"2013-09-26T18:06:10","modified_gmt":"2013-09-26T15:06:10","slug":"el-pp-de-bunol-reprueba-que-los-viajes-a-corea-y-hungria-del-alcalde-chimo-masmano-%c2%able-hayan-costado-al-pueblo-mas-de-4-000-euros%c2%bb","status":"publish","type":"post","link":"https:\/\/www.tucomarca.com\/wordpress\/segunda\/el-pp-de-bunol-reprueba-que-los-viajes-a-corea-y-hungria-del-alcalde-chimo-masmano-%c2%able-hayan-costado-al-pueblo-mas-de-4-000-euros%c2%bb\/","title":{"rendered":"El PP de Bu\u00f1ol reprueba que los viajes a Corea y Hungr\u00eda del alcalde Chimo Masmano \u00able hayan costado al pueblo m\u00e1s de 4.000 euros\u00bb"},"content":{"rendered":"<p>El Partido Popular de Bu\u00f1ol afirma haber tenido conocimiento del coste del \u00faltimo viaje del alcalde Chimo Masmano a Corea del Sur. Como afirman, \u00e9ste ha sido de casi 3.000 \u20ac, \u00abun montante pagado \u00edntegramente por las arcas municipales, adem\u00e1s del viaje que realiz\u00f3 unos meses antes a Hungr\u00eda con un coste aproximado de 1.500 \u20ac. La suma de estos 2 viajes ha sido pagada \u00edntegramente por las arcas municipales, es decir por todos los bu\u00f1oleros. Viajes todos ellos de un \u201ccalado\u201d muy discutible. Nos hemos acostumbrado estos 2 a\u00f1os a los continuos viajes, 8 exactamente, que nuestro alcalde ha realizado alrededor del mundo con escusas tan \u201csurrealistas\u201d y \u201cperegrinas\u201d como \u201cpara hacer publicidad de la Tomatina\u201d, \u201crecuperar el hermanamiento con un pueblo h\u00fangaro\u201d, o \u201ctraer una fiesta del barro\u00bb, afirman.<br \/>\n\u00abEstos dos \u00faltimos viajes a Corea y Hungr\u00eda han supuesto no menos de 4.000 euros de gasto para las arcas municipales, ya que todav\u00eda seguimos sin conocer, en otro ejemplo m\u00e1s de oscurantismo en la gesti\u00f3n municipal de EU-PSOE-IAB, el gasto de las \u201cdietas\u201d a\u00f1adidas a ambos viajes de \u201cplacer\u201d. Unos viajes que Masmano ha realizado con la complacencia y la complicidad de sus socios de gobierno (PSOE e IAB) precisamente en unos momentos en los que ellos han recortado brutalmente en partidas educativas, sociales, de fiestas, y donde se ha pedido un esfuerzo brutal a las asociaciones locales y bandas de m\u00fasica que han sufrido un recorte del 70% en sus ayudas\u00bb, a\u00f1aden.<br \/>\nPara los responsables de la citada formaci\u00f3n pol\u00edtica, \u00abtanto Masmano como el gobierno que lo sustenta (EU-PSOE-IAB) han perdido ya la poca credibilidad que les quedaba tras episodios tan ignominiosos para la democracia como pisotear el \u201cno\u201d en el resultado del refer\u00e9ndum del t\u00fanel-trinchera de Las Ventas, el mentir descaradamente diciendo que donaba su paga extra para auxilio social sin presentar ni una sola prueba, ni recibo ni comprobante de \u00e9sto, y ahora con el \u00faltimo episodio de estos viajes que Masmano ha dicho que le han salido gratis al pueblo de Bu\u00f1ol y, como hemos demostrado, verdaderamente le han costado m\u00e1s de 4.000 \u20ac a todos los bu\u00f1oleros. Por desgracia, a los Populares el descaro del gobierno local ya no nos sorprende ni esperamos que cambie, a pesar de nuestra denuncia pol\u00edtica de los continuos viajes \u201cimproductivos\u201d, siguen mantenido su estilo \u201cchulesco\u201d y \u201cdictatorial\u201d de siempre: de seguir con viajes y libros. Debemos recordar a los bu\u00f1oleros que hace a penas mes y medio  Masmano le regal\u00f3 6.000 \u20ac a su esposa para su libro, que unos d\u00edas despu\u00e9s y ante m\u00e1s 3.000 personas en el acto musical m\u00e1s importante del verano como es nuestro \u201cMano a Mano\u201d anuncio el libro como una \u201cenciclopedia\u201d \u00fanica del saber musical. Y por si fuera poco, tras realizar sus tres libros \u201cbrillantes\u201d estos dos \u00faltimos pagados con dinero p\u00fablico que luego venden a 15 euros en kioscos y librer\u00edas\u00bb, apostillan.<br \/>\nEn otro orden de cosas, desde el Partido Popular de Bu\u00f1ol se ha asegurado que la administraci\u00f3n valenciana \u00abha pagado gran parte de su deuda pendiente, casi 1,1 mill\u00f3n de euros, al ayuntamiento de Bu\u00f1ol, gracias al nuevo plan de pago a proveedores aplicado desde este pasado mes de junio por el gobierno central y auton\u00f3mico del PP.  Sin embargo, debemos recordar a todos los bu\u00f1oleros que nuestro ayuntamiento debe m\u00e1s de 600.000 euros a la Diputaci\u00f3n Valenciana. Debemos exigir el pago de esa deuda existente desde hace a\u00f1os y que no tienen ning\u00fan inter\u00e9s ni en pagar ni en compensar. Adem\u00e1s, debemos recordar la situaci\u00f3n cr\u00edtica de nuestra empresa p\u00fablica BUINSA, a la que el ayuntamiento le adeuda 720.000 euros, una deuda que el gobierno se niega a reconocer\u00bb.<br \/>\nAtendiendo a los hechos expuestos, los populares bu\u00f1olenses consideran que ha llegado el momento \u00abde hacer el pago de estas deudas de m\u00e1s de 1,3 millones de euros, que permitan la viabilidad de BUINSA, referente de las pol\u00edticas de empleo e instrumento vital para desarrollar un verdadero plan de empleo que saque a Bu\u00f1ol del precipicio econ\u00f3mico y laboral que est\u00e1 sumido\u00bb, concluyen.<\/p>\n","protected":false},"excerpt":{"rendered":"<div class=\"mh-excerpt\">El Partido Popular de Bu\u00f1ol afirma haber tenido conocimiento del coste del \u00faltimo viaje del alcalde Chimo Masmano a Corea del Sur. Como afirman, \u00e9ste ha sido de casi 3.000 \u20ac, \u00abun montante pagado \u00edntegramente <a class=\"mh-excerpt-more\" href=\"https:\/\/www.tucomarca.com\/wordpress\/segunda\/el-pp-de-bunol-reprueba-que-los-viajes-a-corea-y-hungria-del-alcalde-chimo-masmano-%c2%able-hayan-costado-al-pueblo-mas-de-4-000-euros%c2%bb\/\" title=\"El PP de Bu\u00f1ol reprueba que los viajes a Corea y Hungr\u00eda del alcalde Chimo Masmano \u00able hayan costado al pueblo m\u00e1s de 4.000 euros\u00bb\">[+] <\/a><\/div>\n","protected":false},"author":2,"featured_media":0,"comment_status":"open","ping_status":"open","sticky":false,"template":"","format":"standard","meta":{"footnotes":""},"categories":[18,8,10,142,3],"tags":[968,10385,1812,1813,63,939],"class_list":{"0":"post-18037","1":"post","2":"type-post","3":"status-publish","4":"format-standard","6":"category-bunol","7":"category-la-comarca","8":"category-la-hoya","9":"category-politica-la-comarca","10":"category-seccion","11":"tag-alcalde","12":"tag-bunol","13":"tag-corea","14":"tag-hungria","15":"tag-pp","16":"tag-viajes"},"_links":{"self":[{"href":"https:\/\/www.tucomarca.com\/wordpress\/segunda\/wp-json\/wp\/v2\/posts\/18037","targetHints":{"allow":["GET"]}}],"collection":[{"href":"https:\/\/www.tucomarca.com\/wordpress\/segunda\/wp-json\/wp\/v2\/posts"}],"about":[{"href":"https:\/\/www.tucomarca.com\/wordpress\/segunda\/wp-json\/wp\/v2\/types\/post"}],"author":[{"embeddable":true,"href":"https:\/\/www.tucomarca.com\/wordpress\/segunda\/wp-json\/wp\/v2\/users\/2"}],"replies":[{"embeddable":true,"href":"https:\/\/www.tucomarca.com\/wordpress\/segunda\/wp-json\/wp\/v2\/comments?post=18037"}],"version-history":[{"count":0,"href":"https:\/\/www.tucomarca.com\/wordpress\/segunda\/wp-json\/wp\/v2\/posts\/18037\/revisions"}],"wp:attachment":[{"href":"https:\/\/www.tucomarca.com\/wordpress\/segunda\/wp-json\/wp\/v2\/media?parent=18037"}],"wp:term":[{"taxonomy":"category","embeddable":true,"href":"https:\/\/www.tucomarca.com\/wordpress\/segunda\/wp-json\/wp\/v2\/categories?post=18037"},{"taxonomy":"post_tag","embeddable":true,"href":"https:\/\/www.tucomarca.com\/wordpress\/segunda\/wp-json\/wp\/v2\/tags?post=18037"}],"curies":[{"name":"wp","href":"https:\/\/api.w.org\/{rel}","templated":true}]}}