{"id":180400,"date":"2023-03-10T11:30:51","date_gmt":"2023-03-10T10:30:51","guid":{"rendered":"https:\/\/www.tucomarca.com\/wordpress\/segunda\/?p=180400"},"modified":"2023-03-10T11:30:56","modified_gmt":"2023-03-10T10:30:56","slug":"fotogaleria-la-falla-godayla-de-godelleta-vive-la-emocion-de-una-mascleta-desde-el-balcon-del-ayuntamiento-de-valencia","status":"publish","type":"post","link":"https:\/\/www.tucomarca.com\/wordpress\/segunda\/fotogaleria-la-falla-godayla-de-godelleta-vive-la-emocion-de-una-mascleta-desde-el-balcon-del-ayuntamiento-de-valencia\/","title":{"rendered":"Fotogaler\u00eda: la Falla Godayla de Godelleta vive la emoci\u00f3n de una masclet\u00e0 desde el balc\u00f3n del Ayuntamiento de Val\u00e8ncia"},"content":{"rendered":"\n<p>Como muestran las im\u00e1genes que acompa\u00f1an esta informaci\u00f3n, los integrantes de la Falla Godayla de Godelleta, junto al alcalde del municipio, Rafael Fora, han vivido este jueves la emoci\u00f3n de una masclet\u00e0 desde el balc\u00f3n del Ayuntamiento de Val\u00e8ncia invitados por el consistorio del cap i casal. <\/p>\n\n\n\n<figure class=\"wp-block-gallery has-nested-images columns-2 is-cropped wp-block-gallery-1 is-layout-flex wp-block-gallery-is-layout-flex\">\n<figure class=\"wp-block-image size-large\"><img loading=\"lazy\" decoding=\"async\" width=\"709\" height=\"945\" data-id=\"180408\" src=\"https:\/\/www.tucomarca.com\/wordpress\/segunda\/wp-content\/uploads\/2023\/03\/GodaylaBalcon01.jpg\" alt=\"\" class=\"wp-image-180408\" srcset=\"https:\/\/www.tucomarca.com\/wordpress\/segunda\/wp-content\/uploads\/2023\/03\/GodaylaBalcon01.jpg 709w, https:\/\/www.tucomarca.com\/wordpress\/segunda\/wp-content\/uploads\/2023\/03\/GodaylaBalcon01-225x300.jpg 225w\" sizes=\"auto, (max-width: 709px) 100vw, 709px\" \/><\/figure>\n\n\n\n<figure class=\"wp-block-image size-large\"><img loading=\"lazy\" decoding=\"async\" width=\"709\" height=\"945\" data-id=\"180412\" src=\"https:\/\/www.tucomarca.com\/wordpress\/segunda\/wp-content\/uploads\/2023\/03\/GodaylaBalcon03.jpg\" alt=\"\" class=\"wp-image-180412\" srcset=\"https:\/\/www.tucomarca.com\/wordpress\/segunda\/wp-content\/uploads\/2023\/03\/GodaylaBalcon03.jpg 709w, https:\/\/www.tucomarca.com\/wordpress\/segunda\/wp-content\/uploads\/2023\/03\/GodaylaBalcon03-225x300.jpg 225w\" sizes=\"auto, (max-width: 709px) 100vw, 709px\" \/><\/figure>\n\n\n\n<figure class=\"wp-block-image size-large\"><img loading=\"lazy\" decoding=\"async\" width=\"709\" height=\"945\" data-id=\"180414\" src=\"https:\/\/www.tucomarca.com\/wordpress\/segunda\/wp-content\/uploads\/2023\/03\/GodaylaBalcon04.jpg\" alt=\"\" class=\"wp-image-180414\" srcset=\"https:\/\/www.tucomarca.com\/wordpress\/segunda\/wp-content\/uploads\/2023\/03\/GodaylaBalcon04.jpg 709w, https:\/\/www.tucomarca.com\/wordpress\/segunda\/wp-content\/uploads\/2023\/03\/GodaylaBalcon04-225x300.jpg 225w\" sizes=\"auto, (max-width: 709px) 100vw, 709px\" \/><\/figure>\n\n\n\n<figure class=\"wp-block-image size-large\"><img loading=\"lazy\" decoding=\"async\" width=\"709\" height=\"945\" data-id=\"180416\" src=\"https:\/\/www.tucomarca.com\/wordpress\/segunda\/wp-content\/uploads\/2023\/03\/GodaylaBalcon05.jpg\" alt=\"\" class=\"wp-image-180416\" srcset=\"https:\/\/www.tucomarca.com\/wordpress\/segunda\/wp-content\/uploads\/2023\/03\/GodaylaBalcon05.jpg 709w, https:\/\/www.tucomarca.com\/wordpress\/segunda\/wp-content\/uploads\/2023\/03\/GodaylaBalcon05-225x300.jpg 225w\" sizes=\"auto, (max-width: 709px) 100vw, 709px\" \/><\/figure>\n<\/figure>\n","protected":false},"excerpt":{"rendered":"<div class=\"mh-excerpt\">Como muestran las im\u00e1genes que acompa\u00f1an esta informaci\u00f3n, los integrantes de la Falla Godayla de Godelleta, junto al alcalde del municipio, Rafael Fora, han vivido este jueves la emoci\u00f3n de una masclet\u00e0 desde el balc\u00f3n <a class=\"mh-excerpt-more\" href=\"https:\/\/www.tucomarca.com\/wordpress\/segunda\/fotogaleria-la-falla-godayla-de-godelleta-vive-la-emocion-de-una-mascleta-desde-el-balcon-del-ayuntamiento-de-valencia\/\" title=\"Fotogaler\u00eda: la Falla Godayla de Godelleta vive la emoci\u00f3n de una masclet\u00e0 desde el balc\u00f3n del Ayuntamiento de Val\u00e8ncia\">[+] <\/a><\/div>\n","protected":false},"author":1,"featured_media":180410,"comment_status":"open","ping_status":"open","sticky":false,"template":"","format":"gallery","meta":{"footnotes":""},"categories":[14,10,5,7,383,3],"tags":[18798,10383,5952],"class_list":{"0":"post-180400","1":"post","2":"type-post","3":"status-publish","4":"format-gallery","5":"has-post-thumbnail","7":"category-godelleta","8":"category-la-hoya","9":"category-la-semana-en-imagenes","10":"category-ocio-y-cultura","11":"category-pueblos-en-fiestas","12":"category-seccion","13":"tag-falla-godayla","14":"tag-godelleta","15":"tag-la-hoya-de-bunol-chiva","16":"post_format-post-format-gallery"},"_links":{"self":[{"href":"https:\/\/www.tucomarca.com\/wordpress\/segunda\/wp-json\/wp\/v2\/posts\/180400","targetHints":{"allow":["GET"]}}],"collection":[{"href":"https:\/\/www.tucomarca.com\/wordpress\/segunda\/wp-json\/wp\/v2\/posts"}],"about":[{"href":"https:\/\/www.tucomarca.com\/wordpress\/segunda\/wp-json\/wp\/v2\/types\/post"}],"author":[{"embeddable":true,"href":"https:\/\/www.tucomarca.com\/wordpress\/segunda\/wp-json\/wp\/v2\/users\/1"}],"replies":[{"embeddable":true,"href":"https:\/\/www.tucomarca.com\/wordpress\/segunda\/wp-json\/wp\/v2\/comments?post=180400"}],"version-history":[{"count":0,"href":"https:\/\/www.tucomarca.com\/wordpress\/segunda\/wp-json\/wp\/v2\/posts\/180400\/revisions"}],"wp:featuredmedia":[{"embeddable":true,"href":"https:\/\/www.tucomarca.com\/wordpress\/segunda\/wp-json\/wp\/v2\/media\/180410"}],"wp:attachment":[{"href":"https:\/\/www.tucomarca.com\/wordpress\/segunda\/wp-json\/wp\/v2\/media?parent=180400"}],"wp:term":[{"taxonomy":"category","embeddable":true,"href":"https:\/\/www.tucomarca.com\/wordpress\/segunda\/wp-json\/wp\/v2\/categories?post=180400"},{"taxonomy":"post_tag","embeddable":true,"href":"https:\/\/www.tucomarca.com\/wordpress\/segunda\/wp-json\/wp\/v2\/tags?post=180400"}],"curies":[{"name":"wp","href":"https:\/\/api.w.org\/{rel}","templated":true}]}}