{"id":18046,"date":"2013-09-26T19:23:22","date_gmt":"2013-09-26T16:23:22","guid":{"rendered":"http:\/\/www.tucomarca.com\/wordpress\/segunda\/?p=18046"},"modified":"2013-09-26T19:23:22","modified_gmt":"2013-09-26T16:23:22","slug":"el-plan-de-empleo-impulsado-por-las-administraciones-valencianas-permitira-contratar-a-514-parados-en-camp-de-turia","status":"publish","type":"post","link":"https:\/\/www.tucomarca.com\/wordpress\/segunda\/el-plan-de-empleo-impulsado-por-las-administraciones-valencianas-permitira-contratar-a-514-parados-en-camp-de-turia\/","title":{"rendered":"El Plan de Empleo impulsado por las administraciones valencianas permitir\u00e1 contratar a 514 parados en Camp de T\u00faria"},"content":{"rendered":"<p>El Plan de Empleo Conjunto de las Administraciones P\u00fablicas Valencianas permitir\u00e1 contratar a 514 personas desempleadas en la comarca de Camp de T\u00faria, a trav\u00e9s de las subvenciones que destina a los ayuntamientos de Benaguasil, B\u00e9tera, Casinos, L\u2019Eliana, Ll\u00edria, Loriguilla, N\u00e1quera, La Pobla de Vallbona y Riba-Roja de T\u00faria, por valor total de 578.250 euros.<\/p>\n<p>La Diputaci\u00f3n de Valencia aprob\u00f3 la semana pasada la concesi\u00f3n de un total de 1.958.250 euros en ayudas econ\u00f3micas a 105 ayuntamientos de la provincia a trav\u00e9s del programa auton\u00f3mico, que permitir\u00e1n la contrataci\u00f3n de 5.222 personas, a raz\u00f3n de 375 euros por cada administraci\u00f3n y contratado (1.125 mensuales) y tambi\u00e9n de un m\u00ednimo de 375 euros por parte de la empresa.<\/p>\n<p>La corporaci\u00f3n provincial, a trav\u00e9s de la articulaci\u00f3n de unas bases reguladoras de estas subvenciones, gestionar\u00e1 la distribuci\u00f3n de las ayudas a ayuntamientos y empresas, procedentes del programa promovido por la Generalitat Valenciana, las diputaciones provinciales y las entidades locales infraprovinciales para el fomento del empleo local.<\/p>\n<p>En la provincia de Valencia, cada una de las tres partes aporta un tercio del presupuesto total del plan, hasta un importe total de 5.874.750 euros.<\/p>\n<p>Las subvenciones distribuidas a cada ayuntamiento servir\u00e1n para la contrataci\u00f3n de trabajadores inscritos de forma ininterrumpida como demandantes de empleo en los centros del Servef de la Generalitat desde, al menos, el 1 de marzo de 2013, contrataciones que ser\u00e1n subvencionables con una ayuda m\u00e1xima de 1.125 euros por un periodo de, al menos, tres meses y una jornada m\u00ednima de 25 horas semanales.<\/p>\n<p>Las ayudas son incompatibles con cualquier otra ayuda para la misma acci\u00f3n, salvo con la bonificaci\u00f3n de cuotas a la Seguridad Social.<\/p>\n","protected":false},"excerpt":{"rendered":"<div class=\"mh-excerpt\">El Plan de Empleo Conjunto de las Administraciones P\u00fablicas Valencianas permitir\u00e1 contratar a 514 personas desempleadas en la comarca de Camp de T\u00faria, a trav\u00e9s de las subvenciones que destina a los ayuntamientos de Benaguasil, <a class=\"mh-excerpt-more\" href=\"https:\/\/www.tucomarca.com\/wordpress\/segunda\/el-plan-de-empleo-impulsado-por-las-administraciones-valencianas-permitira-contratar-a-514-parados-en-camp-de-turia\/\" title=\"El Plan de Empleo impulsado por las administraciones valencianas permitir\u00e1 contratar a 514 parados en Camp de T\u00faria\">[+] <\/a><\/div>\n","protected":false},"author":2,"featured_media":0,"comment_status":"open","ping_status":"open","sticky":false,"template":"","format":"standard","meta":{"footnotes":""},"categories":[46,8,3],"tags":[10395,1815,1131],"class_list":{"0":"post-18046","1":"post","2":"type-post","3":"status-publish","4":"format-standard","6":"category-camp-de-turia","7":"category-la-comarca","8":"category-seccion","9":"tag-camp-de-turia","10":"tag-plan-de-empleo","11":"tag-trabajo"},"_links":{"self":[{"href":"https:\/\/www.tucomarca.com\/wordpress\/segunda\/wp-json\/wp\/v2\/posts\/18046","targetHints":{"allow":["GET"]}}],"collection":[{"href":"https:\/\/www.tucomarca.com\/wordpress\/segunda\/wp-json\/wp\/v2\/posts"}],"about":[{"href":"https:\/\/www.tucomarca.com\/wordpress\/segunda\/wp-json\/wp\/v2\/types\/post"}],"author":[{"embeddable":true,"href":"https:\/\/www.tucomarca.com\/wordpress\/segunda\/wp-json\/wp\/v2\/users\/2"}],"replies":[{"embeddable":true,"href":"https:\/\/www.tucomarca.com\/wordpress\/segunda\/wp-json\/wp\/v2\/comments?post=18046"}],"version-history":[{"count":0,"href":"https:\/\/www.tucomarca.com\/wordpress\/segunda\/wp-json\/wp\/v2\/posts\/18046\/revisions"}],"wp:attachment":[{"href":"https:\/\/www.tucomarca.com\/wordpress\/segunda\/wp-json\/wp\/v2\/media?parent=18046"}],"wp:term":[{"taxonomy":"category","embeddable":true,"href":"https:\/\/www.tucomarca.com\/wordpress\/segunda\/wp-json\/wp\/v2\/categories?post=18046"},{"taxonomy":"post_tag","embeddable":true,"href":"https:\/\/www.tucomarca.com\/wordpress\/segunda\/wp-json\/wp\/v2\/tags?post=18046"}],"curies":[{"name":"wp","href":"https:\/\/api.w.org\/{rel}","templated":true}]}}