{"id":18048,"date":"2013-09-26T19:25:26","date_gmt":"2013-09-26T16:25:26","guid":{"rendered":"http:\/\/www.tucomarca.com\/wordpress\/segunda\/?p=18048"},"modified":"2013-09-26T19:27:51","modified_gmt":"2013-09-26T16:27:51","slug":"las-%e2%80%9cgastrofestes-de-la-dipu%e2%80%9d-llegan-este-fin-de-semana-a-requena","status":"publish","type":"post","link":"https:\/\/www.tucomarca.com\/wordpress\/segunda\/las-%e2%80%9cgastrofestes-de-la-dipu%e2%80%9d-llegan-este-fin-de-semana-a-requena\/","title":{"rendered":"Las \u201cGastrofestes de la Dipu\u201d llegan este fin de semana a Requena"},"content":{"rendered":"<p><a href=\"https:\/\/www.tucomarca.com\/wordpress\/segunda\/?attachment_id=18051\" rel=\"attachment wp-att-18051\"><img loading=\"lazy\" decoding=\"async\" src=\"https:\/\/www.tucomarca.com\/wordpress\/segunda\/wp-content\/uploads\/2013\/09\/cartel-300x238.jpg\" alt=\"\" title=\"cartel\" width=\"300\" height=\"238\" class=\"alignleft size-medium wp-image-18051\" srcset=\"https:\/\/www.tucomarca.com\/wordpress\/segunda\/wp-content\/uploads\/2013\/09\/cartel-300x238.jpg 300w, https:\/\/www.tucomarca.com\/wordpress\/segunda\/wp-content\/uploads\/2013\/09\/cartel.jpg 840w\" sizes=\"auto, (max-width: 300px) 100vw, 300px\" \/><\/a>El Patronato Provincial de Turismo Val\u00e8ncia, Terra i Mar celebra la segunda \u201cGastrofesta de la Dipu\u201d en Requena, los d\u00edas 28 y 29 de septiembre, con una gran diversidad de actividades para todos los p\u00fablicos.<\/p>\n<p>El objetivo de estas ferias tem\u00e1ticas es fomentar la gastronom\u00eda y el turismo en la provincia de Valencia, a trav\u00e9s de la celebraci\u00f3n de las jornadas en diferentes puntos de la provincia.<\/p>\n<p>La fiesta gastron\u00f3mica contar\u00e1 con 10 restaurantes para promocionar dos platos t\u00edpicos de Requena: el gazpacho y las torrijas al bobal. Adem\u00e1s, los restaurantes ofrecer\u00e1n tapas libres elaboradas por ellos mismos. Los visitantes podr\u00e1n degustar tambi\u00e9n vinos de la D.O Utiel-Requena.<\/p>\n<p>Los productos elaborados por los participantes se vender\u00e1n a precios populares. El gazpacho se podr\u00e1 degustar por 2 euros, las torrijas al bobal por 1,5 euros, las tapas por 1,5 euros y las bebidas por 1 euro.<\/p>\n<p>El Patronato Provincial de Turismo ha previsto la celebraci\u00f3n de actividades complementarias como talleres infantiles, el concierto del grupo \u201cHambre de Rumba\u201d, ganador del concurso Sona la Dipu, demostraciones gastron\u00f3micas (con la colaboraci\u00f3n de la red CDT\u2019s de la conselleria de Turisme) y exhibiciones de cocteler\u00eda y modelado de frutas (con la colaboraci\u00f3n de la Federaci\u00f3n de Ocio y Turismo FOTUR).<\/p>\n<p>La feria permanecer\u00e1 abierta el s\u00e1bado por la ma\u00f1ana desde las 11:00 horas hasta las 17:00 horas y por la tarde, de 18:30 horas a 24:00 horas y el domingo por la ma\u00f1ana, de 11:00 horas a 17:00 horas y por la tarde, de 18:30 horas a 20:30 horas.<\/p>\n<p>M\u00e1s de 15.000 visitantes en la primera \u201cGastrofesta de la Dipu\u201d<\/p>\n<p>M\u00e1s de 15.000 visitantes pasaron por la primera \u201cGastrofesta de la Dipu\u201d que se celebr\u00f3 los d\u00edas 21 y 22 de septiembre, en el paseo al Puerto de la ciudad de Gandia.<\/p>\n<p>En la fiesta gastron\u00f3mica tem\u00e1tica se consumieron m\u00e1s de 2.000 raciones de fideu\u00e0, m\u00e1s de 2.000 tapas elaboradas por los restaurantes y m\u00e1s de 4.000 bebidas.<\/p>\n<p>La \u201cGastrofesta de la Dipu\u201d cont\u00f3 con 17 expositores para promocionar los platos m\u00e1s t\u00edpicos de Gandia: la fideu\u00e0 y el tortell. Adem\u00e1s, los restaurantes ofrecieron tapas libres elaboradas por ellos mismos.<\/p>\n<p>\u201cGastrofestes de la Dipu\u201d<\/p>\n<p>Las \u201cGastrofestes de la Dipu\u201d que ya han visitado Gandia, tambi\u00e9n ofrecer\u00e1n en las pr\u00f3ximas semanas, fiestas gastron\u00f3micas tem\u00e1ticas alrededor de platos t\u00edpicos de la gastronom\u00eda local de las localidades de X\u00e0tiva y Cullera.<\/p>\n<p>Estos certamenes, que se celebran en s\u00e1bado y domingo, ofrecen a los visitantes un plato y un postre principal t\u00edpicos de cada una de las ciudades anfitrionas, tapas elaboradas con los ingredientes de los platos estrellas y tapas libres, tanto dulces como saladas.<\/p>\n<p>En X\u00e0tiva se ofrecer\u00e1 principalmente el arroz al horno y el arnad\u00ed y en Cullera, arroces marineros y la coca cristina.<\/p>\n<p>Las \u201cGastrofestes de la Dipu\u201d est\u00e1n organizadas por el Patronato Provincial de Turismo, los ayuntamientos de Gandia, Requena, X\u00e0tiva y Cullera y los hosteleros y pasteleros locales de las cuatro ciudades anfitrionas.<\/p>\n","protected":false},"excerpt":{"rendered":"<div class=\"mh-excerpt\">El Patronato Provincial de Turismo Val\u00e8ncia, Terra i Mar celebra la segunda \u201cGastrofesta de la Dipu\u201d en Requena, los d\u00edas 28 y 29 de septiembre, con una gran diversidad de actividades para todos los p\u00fablicos. <a class=\"mh-excerpt-more\" href=\"https:\/\/www.tucomarca.com\/wordpress\/segunda\/las-%e2%80%9cgastrofestes-de-la-dipu%e2%80%9d-llegan-este-fin-de-semana-a-requena\/\" title=\"Las \u201cGastrofestes de la Dipu\u201d llegan este fin de semana a Requena\">[+] <\/a><\/div>\n","protected":false},"author":2,"featured_media":18051,"comment_status":"open","ping_status":"open","sticky":false,"template":"","format":"standard","meta":{"footnotes":""},"categories":[4,3],"tags":[204,1816,10388],"class_list":{"0":"post-18048","1":"post","2":"type-post","3":"status-publish","4":"format-standard","5":"has-post-thumbnail","7":"category-agenda","8":"category-seccion","9":"tag-diputacion","10":"tag-gastrofestes","11":"tag-requena"},"_links":{"self":[{"href":"https:\/\/www.tucomarca.com\/wordpress\/segunda\/wp-json\/wp\/v2\/posts\/18048","targetHints":{"allow":["GET"]}}],"collection":[{"href":"https:\/\/www.tucomarca.com\/wordpress\/segunda\/wp-json\/wp\/v2\/posts"}],"about":[{"href":"https:\/\/www.tucomarca.com\/wordpress\/segunda\/wp-json\/wp\/v2\/types\/post"}],"author":[{"embeddable":true,"href":"https:\/\/www.tucomarca.com\/wordpress\/segunda\/wp-json\/wp\/v2\/users\/2"}],"replies":[{"embeddable":true,"href":"https:\/\/www.tucomarca.com\/wordpress\/segunda\/wp-json\/wp\/v2\/comments?post=18048"}],"version-history":[{"count":0,"href":"https:\/\/www.tucomarca.com\/wordpress\/segunda\/wp-json\/wp\/v2\/posts\/18048\/revisions"}],"wp:featuredmedia":[{"embeddable":true,"href":"https:\/\/www.tucomarca.com\/wordpress\/segunda\/wp-json\/wp\/v2\/media\/18051"}],"wp:attachment":[{"href":"https:\/\/www.tucomarca.com\/wordpress\/segunda\/wp-json\/wp\/v2\/media?parent=18048"}],"wp:term":[{"taxonomy":"category","embeddable":true,"href":"https:\/\/www.tucomarca.com\/wordpress\/segunda\/wp-json\/wp\/v2\/categories?post=18048"},{"taxonomy":"post_tag","embeddable":true,"href":"https:\/\/www.tucomarca.com\/wordpress\/segunda\/wp-json\/wp\/v2\/tags?post=18048"}],"curies":[{"name":"wp","href":"https:\/\/api.w.org\/{rel}","templated":true}]}}