{"id":1805,"date":"2012-05-16T09:08:29","date_gmt":"2012-05-16T08:08:29","guid":{"rendered":"http:\/\/www.tucomarca.com\/wordpress\/segunda\/?p=1805"},"modified":"2012-05-17T09:13:06","modified_gmt":"2012-05-17T08:13:06","slug":"alborache-celebra-su-tradicional-fiesta-de-la-cruz-de-mayo-junto-a-la-fuente-de-la-agricultura","status":"publish","type":"post","link":"https:\/\/www.tucomarca.com\/wordpress\/segunda\/alborache-celebra-su-tradicional-fiesta-de-la-cruz-de-mayo-junto-a-la-fuente-de-la-agricultura\/","title":{"rendered":"Alborache celebra su tradicional fiesta de La Cruz de Mayo junto a la fuente de la Agricultura"},"content":{"rendered":"<p>Como ya adelant\u00f3 este semanario en su edici\u00f3n impresa,\u00a0 Alborache celebr\u00f3 d\u00edas atr\u00e1s la tradicional fiesta de La Cruz de Mayo coordinada por la Asociaci\u00f3n de las Amas de Casa quienes, adem\u00e1s, se ocupan de adornar con flores el s\u00edmbolo que protagoniza el acto.<br \/>\nJusto en las inmediaciones de la fuente de La Agricultura se citaron los vecinos para seguir en primera persona la bendici\u00f3n de los cuatro t\u00e9rminos del municipio protagonizada por el p\u00e1rroco Jos\u00e9 Luis L\u00f3pez, quien minutos antes se encarg\u00f3 de oficiar la eucarist\u00eda.<br \/>\n\u00abEl fin \u00faltimo de este acto es el de contar con la protecci\u00f3n para que nuestra agricultura no sufra problemas durante el pr\u00f3ximo a\u00f1o\u00bb, ha comentado la presidenta de las Amas de Casa, Mar\u00eda Dolores Cervera. n tucomarca.com<\/p>\n","protected":false},"excerpt":{"rendered":"<div class=\"mh-excerpt\">Como ya adelant\u00f3 este semanario en su edici\u00f3n impresa,\u00a0 Alborache celebr\u00f3 d\u00edas atr\u00e1s la tradicional fiesta de La Cruz de Mayo coordinada por la Asociaci\u00f3n de las Amas de Casa quienes, adem\u00e1s, se ocupan de <a class=\"mh-excerpt-more\" href=\"https:\/\/www.tucomarca.com\/wordpress\/segunda\/alborache-celebra-su-tradicional-fiesta-de-la-cruz-de-mayo-junto-a-la-fuente-de-la-agricultura\/\" title=\"Alborache celebra su tradicional fiesta de La Cruz de Mayo junto a la fuente de la Agricultura\">[+] <\/a><\/div>\n","protected":false},"author":2,"featured_media":1806,"comment_status":"open","ping_status":"open","sticky":false,"template":"","format":"standard","meta":{"footnotes":""},"categories":[19,10,7,3],"tags":[200],"class_list":{"0":"post-1805","1":"post","2":"type-post","3":"status-publish","4":"format-standard","5":"has-post-thumbnail","7":"category-alborache","8":"category-la-hoya","9":"category-ocio-y-cultura","10":"category-seccion","11":"tag-cruz"},"_links":{"self":[{"href":"https:\/\/www.tucomarca.com\/wordpress\/segunda\/wp-json\/wp\/v2\/posts\/1805","targetHints":{"allow":["GET"]}}],"collection":[{"href":"https:\/\/www.tucomarca.com\/wordpress\/segunda\/wp-json\/wp\/v2\/posts"}],"about":[{"href":"https:\/\/www.tucomarca.com\/wordpress\/segunda\/wp-json\/wp\/v2\/types\/post"}],"author":[{"embeddable":true,"href":"https:\/\/www.tucomarca.com\/wordpress\/segunda\/wp-json\/wp\/v2\/users\/2"}],"replies":[{"embeddable":true,"href":"https:\/\/www.tucomarca.com\/wordpress\/segunda\/wp-json\/wp\/v2\/comments?post=1805"}],"version-history":[{"count":0,"href":"https:\/\/www.tucomarca.com\/wordpress\/segunda\/wp-json\/wp\/v2\/posts\/1805\/revisions"}],"wp:featuredmedia":[{"embeddable":true,"href":"https:\/\/www.tucomarca.com\/wordpress\/segunda\/wp-json\/wp\/v2\/media\/1806"}],"wp:attachment":[{"href":"https:\/\/www.tucomarca.com\/wordpress\/segunda\/wp-json\/wp\/v2\/media?parent=1805"}],"wp:term":[{"taxonomy":"category","embeddable":true,"href":"https:\/\/www.tucomarca.com\/wordpress\/segunda\/wp-json\/wp\/v2\/categories?post=1805"},{"taxonomy":"post_tag","embeddable":true,"href":"https:\/\/www.tucomarca.com\/wordpress\/segunda\/wp-json\/wp\/v2\/tags?post=1805"}],"curies":[{"name":"wp","href":"https:\/\/api.w.org\/{rel}","templated":true}]}}