{"id":18058,"date":"2013-09-27T12:34:12","date_gmt":"2013-09-27T09:34:12","guid":{"rendered":"http:\/\/www.tucomarca.com\/wordpress\/segunda\/?p=18058"},"modified":"2013-09-27T12:34:12","modified_gmt":"2013-09-27T09:34:12","slug":"el-centro-de-especialidades-de-aldaia-busca-concienciar-a-la-ciudadania-sobre-el-%e2%80%98riesgo-cardiovascular%e2%80%99","status":"publish","type":"post","link":"https:\/\/www.tucomarca.com\/wordpress\/segunda\/el-centro-de-especialidades-de-aldaia-busca-concienciar-a-la-ciudadania-sobre-el-%e2%80%98riesgo-cardiovascular%e2%80%99\/","title":{"rendered":"El Centro de Especialidades de Aldaia busca concienciar a la ciudadan\u00eda sobre el \u2018riesgo cardiovascular\u2019"},"content":{"rendered":"<p>El pr\u00f3ximo mi\u00e9rcoles 2 de octubre el Mercado Municipal de Aldaia celebrar\u00e1 el D\u00eda Mundial del Coraz\u00f3n con una original iniciativa que invitar\u00e1 a los ciudadanos a concienciarse sobre la necesidad de cuidar la alimentaci\u00f3n y seguir h\u00e1bitos de vida saludable. <\/p>\n<p>As\u00ed, aquellos ciudadanos que lo deseen podr\u00e1n medir su \u2018riesgo cardiovascular\u2019 acudiendo al stand que el Centro de Especialidades de Aldaia instalar\u00e1n en la parte central del Mercado Municipal. All\u00ed, un equipo conformado por un m\u00e9dico cardi\u00f3logo, cinco enfermeras y un celador del centro, realizar\u00e1 distintas pruebas, como un electrocardiograma y la medici\u00f3n de la tensi\u00f3n, que permiten detectar el riesgo a padecer una enfermedad del coraz\u00f3n. \u201cAdem\u00e1s, a aquellas personas a las que se les detecte un riesgo alto, se les derivar\u00e1 al m\u00e9dico de cabecera para iniciar un estudio con mayor profundidad y a las que presenten alg\u00fan factor se les dar\u00e1 consejo m\u00e9dico\u201d, explica Ana Zaragoza, adjunta de enfermer\u00eda del Centro de Especialidades de Aldaia.<\/p>\n<p>Al finalizar las pruebas cada participante recibir\u00e1 una manzana, como s\u00edmbolo de la importancia de una alimentaci\u00f3n sana para la prevenci\u00f3n de los problemas del coraz\u00f3n, as\u00ed como folletos informativos sobre alimentaci\u00f3n y h\u00e1bitos de vida saludables. <\/p>\n<p>Recetas saludables con producto fresco<\/p>\n<p>Por su parte, los 30 comerciantes del Mercado de Aldaia, han querido sumarse al D\u00eda Mundial, ofreciendo recetas saludables que podr\u00e1n elaborarse con productos frescos de cada uno de sus puestos. \u201cCada comercio ha elaborado una receta saludable en base a su producto. Los visitantes podr\u00e1n llevarse la receta y comprar en el momento todos los ingredientes para elaborarla en sus casas. Es nuestra manera de promover la ingesta de alimentos frescos y de calidad\u201d, explica Consuelo Mora, secretaria de la Asociaci\u00f3n de Comerciantes.  <\/p>\n<p>Las actividades con motivo del D\u00eda Mundial se desarrollar\u00e1n desde las 9 de la ma\u00f1ana hasta las 14.00 horas. Est\u00e1 prevista la asistencia de la alcaldesa de Aldaia, Carmen J\u00e1vega y la directora general de Comercio y Consumo, Silvia Ordi\u00f1aga. Para la alcaldesa de Aldaia, Carmen J\u00e1vega, \u201ces muy importante vigilar la salud y por estamos muy satisfechos de que esta campa\u00f1a se desarrolle en un lugar tan emblem\u00e1tico de nuestro pueblo como el mercado municipal, un punto de encuentro por donde a diario pasan numerosos aldaieros\u201d.<\/p>\n<p>El Centro de Especialidades de Aldaia, perteneciente al Departamento de Salud de Manises, ha querido realizar esta acci\u00f3n de concienciaci\u00f3n tan especial junto a la Asociaci\u00f3n de Comerciantes del Mercado Municipal de Aldaia, uno de los tres mercados \u2018excelentes\u2019 de la Comunitat. Y es que entre el 30 y el 40% de la poblaci\u00f3n mayor de 65 a\u00f1os del \u00e1rea de salud de Manises son sedentarios y padecen obesidad, lo que supone que tienen un riesgo alto de padecer una enfermedad cardiovascular, de ah\u00ed la importancia de la prevenci\u00f3n. <\/p>\n","protected":false},"excerpt":{"rendered":"<div class=\"mh-excerpt\">El pr\u00f3ximo mi\u00e9rcoles 2 de octubre el Mercado Municipal de Aldaia celebrar\u00e1 el D\u00eda Mundial del Coraz\u00f3n con una original iniciativa que invitar\u00e1 a los ciudadanos a concienciarse sobre la necesidad de cuidar la alimentaci\u00f3n <a class=\"mh-excerpt-more\" href=\"https:\/\/www.tucomarca.com\/wordpress\/segunda\/el-centro-de-especialidades-de-aldaia-busca-concienciar-a-la-ciudadania-sobre-el-%e2%80%98riesgo-cardiovascular%e2%80%99\/\" title=\"El Centro de Especialidades de Aldaia busca concienciar a la ciudadan\u00eda sobre el \u2018riesgo cardiovascular\u2019\">[+] <\/a><\/div>\n","protected":false},"author":2,"featured_media":0,"comment_status":"open","ping_status":"open","sticky":false,"template":"","format":"standard","meta":{"footnotes":""},"categories":[119,8,10,3],"tags":[973,1818,378,1817,1295],"class_list":{"0":"post-18058","1":"post","2":"type-post","3":"status-publish","4":"format-standard","6":"category-sanidad-la-comarca","7":"category-la-comarca","8":"category-la-hoya","9":"category-seccion","10":"tag-aldaya","11":"tag-cadiovascular","12":"tag-hospital","13":"tag-manise","14":"tag-riesgo"},"_links":{"self":[{"href":"https:\/\/www.tucomarca.com\/wordpress\/segunda\/wp-json\/wp\/v2\/posts\/18058","targetHints":{"allow":["GET"]}}],"collection":[{"href":"https:\/\/www.tucomarca.com\/wordpress\/segunda\/wp-json\/wp\/v2\/posts"}],"about":[{"href":"https:\/\/www.tucomarca.com\/wordpress\/segunda\/wp-json\/wp\/v2\/types\/post"}],"author":[{"embeddable":true,"href":"https:\/\/www.tucomarca.com\/wordpress\/segunda\/wp-json\/wp\/v2\/users\/2"}],"replies":[{"embeddable":true,"href":"https:\/\/www.tucomarca.com\/wordpress\/segunda\/wp-json\/wp\/v2\/comments?post=18058"}],"version-history":[{"count":0,"href":"https:\/\/www.tucomarca.com\/wordpress\/segunda\/wp-json\/wp\/v2\/posts\/18058\/revisions"}],"wp:attachment":[{"href":"https:\/\/www.tucomarca.com\/wordpress\/segunda\/wp-json\/wp\/v2\/media?parent=18058"}],"wp:term":[{"taxonomy":"category","embeddable":true,"href":"https:\/\/www.tucomarca.com\/wordpress\/segunda\/wp-json\/wp\/v2\/categories?post=18058"},{"taxonomy":"post_tag","embeddable":true,"href":"https:\/\/www.tucomarca.com\/wordpress\/segunda\/wp-json\/wp\/v2\/tags?post=18058"}],"curies":[{"name":"wp","href":"https:\/\/api.w.org\/{rel}","templated":true}]}}