{"id":18066,"date":"2013-09-28T11:48:02","date_gmt":"2013-09-28T08:48:02","guid":{"rendered":"http:\/\/www.tucomarca.com\/wordpress\/segunda\/?p=18066"},"modified":"2013-09-28T11:48:02","modified_gmt":"2013-09-28T08:48:02","slug":"chiva-acoge-el-mercado-eco-red-local-de-intercambio-de-la-hoya","status":"publish","type":"post","link":"https:\/\/www.tucomarca.com\/wordpress\/segunda\/chiva-acoge-el-mercado-eco-red-local-de-intercambio-de-la-hoya\/","title":{"rendered":"Chiva acoge el Mercado Eco Red Local de intercambio de La Hoya"},"content":{"rendered":"<p>Este pr\u00f3ximo s\u00e1bado, 28 de septiembre, Chiva acoger\u00e1 el Mercado Eco Red Local de Intercambio Hoya de Bu\u00f1ol en el que los visitantes podr\u00e1n intercambiar bienes y servicios a trav\u00e9s del trueque, sin utilizar dinero. El mercado permanecer\u00e1 abierto de 11 a 14 horas el s\u00e1bado 28 de septiembre en la Plaza del Ayuntamiento y la calle Cu\u00f1at Cort\u00e9s.<\/p>\n","protected":false},"excerpt":{"rendered":"<div class=\"mh-excerpt\">Este pr\u00f3ximo s\u00e1bado, 28 de septiembre, Chiva acoger\u00e1 el Mercado Eco Red Local de Intercambio Hoya de Bu\u00f1ol en el que los visitantes podr\u00e1n intercambiar bienes y servicios a trav\u00e9s del trueque, sin utilizar dinero. <a class=\"mh-excerpt-more\" href=\"https:\/\/www.tucomarca.com\/wordpress\/segunda\/chiva-acoge-el-mercado-eco-red-local-de-intercambio-de-la-hoya\/\" title=\"Chiva acoge el Mercado Eco Red Local de intercambio de La Hoya\">[+] <\/a><\/div>\n","protected":false},"author":2,"featured_media":0,"comment_status":"open","ping_status":"open","sticky":false,"template":"","format":"standard","meta":{"footnotes":""},"categories":[4,3],"tags":[10384,1823,307,529,393],"class_list":{"0":"post-18066","1":"post","2":"type-post","3":"status-publish","4":"format-standard","6":"category-agenda","7":"category-seccion","8":"tag-chiva","9":"tag-eco-red","10":"tag-intercambio","11":"tag-la-hoya-2","12":"tag-mercado"},"_links":{"self":[{"href":"https:\/\/www.tucomarca.com\/wordpress\/segunda\/wp-json\/wp\/v2\/posts\/18066","targetHints":{"allow":["GET"]}}],"collection":[{"href":"https:\/\/www.tucomarca.com\/wordpress\/segunda\/wp-json\/wp\/v2\/posts"}],"about":[{"href":"https:\/\/www.tucomarca.com\/wordpress\/segunda\/wp-json\/wp\/v2\/types\/post"}],"author":[{"embeddable":true,"href":"https:\/\/www.tucomarca.com\/wordpress\/segunda\/wp-json\/wp\/v2\/users\/2"}],"replies":[{"embeddable":true,"href":"https:\/\/www.tucomarca.com\/wordpress\/segunda\/wp-json\/wp\/v2\/comments?post=18066"}],"version-history":[{"count":0,"href":"https:\/\/www.tucomarca.com\/wordpress\/segunda\/wp-json\/wp\/v2\/posts\/18066\/revisions"}],"wp:attachment":[{"href":"https:\/\/www.tucomarca.com\/wordpress\/segunda\/wp-json\/wp\/v2\/media?parent=18066"}],"wp:term":[{"taxonomy":"category","embeddable":true,"href":"https:\/\/www.tucomarca.com\/wordpress\/segunda\/wp-json\/wp\/v2\/categories?post=18066"},{"taxonomy":"post_tag","embeddable":true,"href":"https:\/\/www.tucomarca.com\/wordpress\/segunda\/wp-json\/wp\/v2\/tags?post=18066"}],"curies":[{"name":"wp","href":"https:\/\/api.w.org\/{rel}","templated":true}]}}