{"id":18068,"date":"2013-09-28T11:46:44","date_gmt":"2013-09-28T08:46:44","guid":{"rendered":"http:\/\/www.tucomarca.com\/wordpress\/segunda\/?p=18068"},"modified":"2013-09-28T11:46:44","modified_gmt":"2013-09-28T08:46:44","slug":"visita-de-%c2%abla-peregrina%c2%bb-a-yatova","status":"publish","type":"post","link":"https:\/\/www.tucomarca.com\/wordpress\/segunda\/visita-de-%c2%abla-peregrina%c2%bb-a-yatova\/","title":{"rendered":"Visita de \u00abLa Peregrina\u00bb a Y\u00e1tova"},"content":{"rendered":"<p>La imagen de \u00abLa Peregrina\u00bb llega este viernes a Y\u00e1tova, poblaci\u00f3n en la que permanecer\u00e1 hasta el domingo 29. La recepci\u00f3n est\u00e1 prevista a las 19,30 horas en el Parque de San Vicente, para posteriormente trasladarla a la parroquia. El s\u00e1bado hay programada una visita al cementerio (11 horas) y una procesi\u00f3n vespertina (20 horas). El domingo, a las 12 horas acontecer\u00e1 la misa de campa\u00f1a en la Plaza de la Iglesia, a las 17 horas la ofrenda de productos y a las 18,30 horas llegar\u00e1 la despedida.<\/p>\n","protected":false},"excerpt":{"rendered":"<div class=\"mh-excerpt\">La imagen de \u00abLa Peregrina\u00bb llega este viernes a Y\u00e1tova, poblaci\u00f3n en la que permanecer\u00e1 hasta el domingo 29. La recepci\u00f3n est\u00e1 prevista a las 19,30 horas en el Parque de San Vicente, para posteriormente <a class=\"mh-excerpt-more\" href=\"https:\/\/www.tucomarca.com\/wordpress\/segunda\/visita-de-%c2%abla-peregrina%c2%bb-a-yatova\/\" title=\"Visita de \u00abLa Peregrina\u00bb a Y\u00e1tova\">[+] <\/a><\/div>\n","protected":false},"author":2,"featured_media":0,"comment_status":"open","ping_status":"open","sticky":false,"template":"","format":"standard","meta":{"footnotes":""},"categories":[4,8,10,3,11],"tags":[1118,862,10380],"class_list":{"0":"post-18068","1":"post","2":"type-post","3":"status-publish","4":"format-standard","6":"category-agenda","7":"category-la-comarca","8":"category-la-hoya","9":"category-seccion","10":"category-yatova","11":"tag-peregrina","12":"tag-visita","13":"tag-yatova"},"_links":{"self":[{"href":"https:\/\/www.tucomarca.com\/wordpress\/segunda\/wp-json\/wp\/v2\/posts\/18068","targetHints":{"allow":["GET"]}}],"collection":[{"href":"https:\/\/www.tucomarca.com\/wordpress\/segunda\/wp-json\/wp\/v2\/posts"}],"about":[{"href":"https:\/\/www.tucomarca.com\/wordpress\/segunda\/wp-json\/wp\/v2\/types\/post"}],"author":[{"embeddable":true,"href":"https:\/\/www.tucomarca.com\/wordpress\/segunda\/wp-json\/wp\/v2\/users\/2"}],"replies":[{"embeddable":true,"href":"https:\/\/www.tucomarca.com\/wordpress\/segunda\/wp-json\/wp\/v2\/comments?post=18068"}],"version-history":[{"count":0,"href":"https:\/\/www.tucomarca.com\/wordpress\/segunda\/wp-json\/wp\/v2\/posts\/18068\/revisions"}],"wp:attachment":[{"href":"https:\/\/www.tucomarca.com\/wordpress\/segunda\/wp-json\/wp\/v2\/media?parent=18068"}],"wp:term":[{"taxonomy":"category","embeddable":true,"href":"https:\/\/www.tucomarca.com\/wordpress\/segunda\/wp-json\/wp\/v2\/categories?post=18068"},{"taxonomy":"post_tag","embeddable":true,"href":"https:\/\/www.tucomarca.com\/wordpress\/segunda\/wp-json\/wp\/v2\/tags?post=18068"}],"curies":[{"name":"wp","href":"https:\/\/api.w.org\/{rel}","templated":true}]}}