{"id":18070,"date":"2013-09-28T11:49:10","date_gmt":"2013-09-28T08:49:10","guid":{"rendered":"http:\/\/www.tucomarca.com\/wordpress\/segunda\/?p=18070"},"modified":"2013-09-28T11:49:10","modified_gmt":"2013-09-28T08:49:10","slug":"la-casa-de-la-cultura-de-cheste-acogera-la-presentacon-del-disco-%c2%abaladin-un-musical-genial%c2%bb","status":"publish","type":"post","link":"https:\/\/www.tucomarca.com\/wordpress\/segunda\/la-casa-de-la-cultura-de-cheste-acogera-la-presentacon-del-disco-%c2%abaladin-un-musical-genial%c2%bb\/","title":{"rendered":"La Casa de la Cultura de Cheste acoger\u00e1 la presentac\u00f3n del disco \u00abAlad\u00edn un musical Genial\u00bb"},"content":{"rendered":"<p>El pr\u00f3ximo lunes d\u00eda 30 se presentar\u00e1 en la Casa de La Cultura de Cheste el Disco Compacto \u00abAlad\u00edn un musical genial\u00bb. La cita est\u00e1 fijada a las 18,00 de la tarde y consistir\u00e1 en una breve presentaci\u00f3n de las canciones de componen el CD,  a la que seguir\u00e1 una rueda de prensa con Na\u00edm Thomas, quien cantar\u00e1 tambi\u00e9n una de las canciones y firmar\u00e1 a los presentes.<br \/>\nLa firma de Cd\u00b4s se organiza en Cheste, dado que el 9 de Octubre el Teatro Liceo de esta misma localidad acoger\u00e1 la puesta en escena de este musical. Posteriormente se podr\u00e1 ver en otras localidades de la provincia como Gand\u00eda (Teatre Serrano el d\u00eda 12 de octubre) y X\u00e0tiva (Gran Teatre de X\u00e0tiva d\u00eda 10 de noviembre).<br \/>\n\u00abAlad\u00edn un musical genial\u00bb es un musical familiar de formato grande dirigido por Jose Tom\u00e0s Ch\u00e0fer y protagonizado entre otros por Na\u00edm Thomas, Erika Bleda y Carles Montoliu: La m\u00fasica es original de Jos\u00e9 Domenech, luces de Juanjo Llorens y escenograf\u00eda de Luis Crespo, todo ello a  estrenar el 4 de octubre en el Teatro Chap\u00ed de Villena.<\/p>\n","protected":false},"excerpt":{"rendered":"<div class=\"mh-excerpt\">El pr\u00f3ximo lunes d\u00eda 30 se presentar\u00e1 en la Casa de La Cultura de Cheste el Disco Compacto \u00abAlad\u00edn un musical genial\u00bb. La cita est\u00e1 fijada a las 18,00 de la tarde y consistir\u00e1 en <a class=\"mh-excerpt-more\" href=\"https:\/\/www.tucomarca.com\/wordpress\/segunda\/la-casa-de-la-cultura-de-cheste-acogera-la-presentacon-del-disco-%c2%abaladin-un-musical-genial%c2%bb\/\" title=\"La Casa de la Cultura de Cheste acoger\u00e1 la presentac\u00f3n del disco \u00abAlad\u00edn un musical Genial\u00bb\">[+] <\/a><\/div>\n","protected":false},"author":2,"featured_media":0,"comment_status":"open","ping_status":"open","sticky":false,"template":"","format":"standard","meta":{"footnotes":""},"categories":[4,66,8,7,3],"tags":[1824,339,883,614],"class_list":{"0":"post-18070","1":"post","2":"type-post","3":"status-publish","4":"format-standard","6":"category-agenda","7":"category-musica","8":"category-la-comarca","9":"category-ocio-y-cultura","10":"category-seccion","11":"tag-aladin","12":"tag-cheste-2","13":"tag-disco","14":"tag-presentacion"},"_links":{"self":[{"href":"https:\/\/www.tucomarca.com\/wordpress\/segunda\/wp-json\/wp\/v2\/posts\/18070","targetHints":{"allow":["GET"]}}],"collection":[{"href":"https:\/\/www.tucomarca.com\/wordpress\/segunda\/wp-json\/wp\/v2\/posts"}],"about":[{"href":"https:\/\/www.tucomarca.com\/wordpress\/segunda\/wp-json\/wp\/v2\/types\/post"}],"author":[{"embeddable":true,"href":"https:\/\/www.tucomarca.com\/wordpress\/segunda\/wp-json\/wp\/v2\/users\/2"}],"replies":[{"embeddable":true,"href":"https:\/\/www.tucomarca.com\/wordpress\/segunda\/wp-json\/wp\/v2\/comments?post=18070"}],"version-history":[{"count":0,"href":"https:\/\/www.tucomarca.com\/wordpress\/segunda\/wp-json\/wp\/v2\/posts\/18070\/revisions"}],"wp:attachment":[{"href":"https:\/\/www.tucomarca.com\/wordpress\/segunda\/wp-json\/wp\/v2\/media?parent=18070"}],"wp:term":[{"taxonomy":"category","embeddable":true,"href":"https:\/\/www.tucomarca.com\/wordpress\/segunda\/wp-json\/wp\/v2\/categories?post=18070"},{"taxonomy":"post_tag","embeddable":true,"href":"https:\/\/www.tucomarca.com\/wordpress\/segunda\/wp-json\/wp\/v2\/tags?post=18070"}],"curies":[{"name":"wp","href":"https:\/\/api.w.org\/{rel}","templated":true}]}}