{"id":18073,"date":"2013-09-28T11:47:21","date_gmt":"2013-09-28T08:47:21","guid":{"rendered":"http:\/\/www.tucomarca.com\/wordpress\/segunda\/?p=18073"},"modified":"2013-09-28T11:47:28","modified_gmt":"2013-09-28T08:47:28","slug":"el-ayuntamiento-de-chiva-estudia-ampliar-los-cursos-ofertados-por-la-agencia-de-empleo-y-desarrollo-local-ante-la-gran-demanda-de-solicitudes","status":"publish","type":"post","link":"https:\/\/www.tucomarca.com\/wordpress\/segunda\/el-ayuntamiento-de-chiva-estudia-ampliar-los-cursos-ofertados-por-la-agencia-de-empleo-y-desarrollo-local-ante-la-gran-demanda-de-solicitudes\/","title":{"rendered":"El Ayuntamiento de Chiva estudia ampliar los cursos ofertados por la Agencia de Empleo y Desarrollo Local ante la gran demanda de solicitudes"},"content":{"rendered":"<figure id=\"attachment_18074\" aria-describedby=\"caption-attachment-18074\" style=\"width: 300px\" class=\"wp-caption alignleft\"><a rel=\"attachment wp-att-18074\" href=\"https:\/\/www.tucomarca.com\/wordpress\/segunda\/?attachment_id=18074\"><img loading=\"lazy\" decoding=\"async\" class=\"size-medium wp-image-18074\" title=\"manipulador\" src=\"https:\/\/www.tucomarca.com\/wordpress\/segunda\/wp-content\/uploads\/2013\/09\/manipulador-300x225.jpg\" alt=\"\" width=\"300\" height=\"225\" srcset=\"https:\/\/www.tucomarca.com\/wordpress\/segunda\/wp-content\/uploads\/2013\/09\/manipulador-300x225.jpg 300w, https:\/\/www.tucomarca.com\/wordpress\/segunda\/wp-content\/uploads\/2013\/09\/manipulador.jpg 640w\" sizes=\"auto, (max-width: 300px) 100vw, 300px\" \/><\/a><figcaption id=\"caption-attachment-18074\" class=\"wp-caption-text\">La propuesta municipal ha obtenido una gran respuesta. tc.c<\/figcaption><\/figure>\n<p>Con el objetivo de que ning\u00fan vecino se quede sin la posibilidad de realizar los diferentes cursos que oferta la Agencia de Empleo y Desarrollo Local de Chiva, el Ayuntamiento est\u00e1 estudiando la posibilidad de ampliar las convocatorias para satisfacer la gran demanda de solicitudes que se han presentado.<\/p>\n<p>&nbsp;<\/p>\n<p>Los cursos de manipulador de alimentos est\u00e1n siendo los m\u00e1s demandados por los vecinos hasta el punto de casi triplicar el n\u00famero de interesados frente a las plazas disponibles.<\/p>\n<p>En el caso concreto del curso de manipulador de alimentos, especialidad frutas y verduras (sector agroalimentario), que tendr\u00e1 lugar este lunes 30 de septiembre, se han presentado 62 solicitudes para 25 plazas disponibles.<\/p>\n<p>Para el curso del 28 de octubre de la especialidad de comidas preparadas tambi\u00e9n hay gran demanda, con 45 inscripciones, aunque en esta ocasi\u00f3n el Ayuntamiento ha conseguido que todos los interesados puedan realizarlo.<\/p>\n<p>Con el curso de gu\u00eda de senderismo de los pr\u00f3ximos d\u00edas 12-13 y 14 de noviembre ocurre lo mismo, 31 solicitudes para 15 plazas.<\/p>\n<p>Por ello, desde el Consistorio se est\u00e1n realizando las gestiones oportunas para que estos cursos tan demandados puedan repetirse m\u00e1s adelante, con el fin de contribuir a que nuestros vecinos puedan seguir form\u00e1ndose para tener mayores facilidades a la hora de optar a un puesto de trabajo.<\/p>\n","protected":false},"excerpt":{"rendered":"<div class=\"mh-excerpt\">Con el objetivo de que ning\u00fan vecino se quede sin la posibilidad de realizar los diferentes cursos que oferta la Agencia de Empleo y Desarrollo Local de Chiva, el Ayuntamiento est\u00e1 estudiando la posibilidad de <a class=\"mh-excerpt-more\" href=\"https:\/\/www.tucomarca.com\/wordpress\/segunda\/el-ayuntamiento-de-chiva-estudia-ampliar-los-cursos-ofertados-por-la-agencia-de-empleo-y-desarrollo-local-ante-la-gran-demanda-de-solicitudes\/\" title=\"El Ayuntamiento de Chiva estudia ampliar los cursos ofertados por la Agencia de Empleo y Desarrollo Local ante la gran demanda de solicitudes\">[+] <\/a><\/div>\n","protected":false},"author":2,"featured_media":18074,"comment_status":"open","ping_status":"open","sticky":false,"template":"","format":"standard","meta":{"footnotes":""},"categories":[16,8,10,3],"tags":[881,10384,247,1826,1825],"class_list":{"0":"post-18073","1":"post","2":"type-post","3":"status-publish","4":"format-standard","5":"has-post-thumbnail","7":"category-chiva","8":"category-la-comarca","9":"category-la-hoya","10":"category-seccion","11":"tag-ampliacion","12":"tag-chiva","13":"tag-cursos","14":"tag-oferta-de-plazas","15":"tag-plazo"},"_links":{"self":[{"href":"https:\/\/www.tucomarca.com\/wordpress\/segunda\/wp-json\/wp\/v2\/posts\/18073","targetHints":{"allow":["GET"]}}],"collection":[{"href":"https:\/\/www.tucomarca.com\/wordpress\/segunda\/wp-json\/wp\/v2\/posts"}],"about":[{"href":"https:\/\/www.tucomarca.com\/wordpress\/segunda\/wp-json\/wp\/v2\/types\/post"}],"author":[{"embeddable":true,"href":"https:\/\/www.tucomarca.com\/wordpress\/segunda\/wp-json\/wp\/v2\/users\/2"}],"replies":[{"embeddable":true,"href":"https:\/\/www.tucomarca.com\/wordpress\/segunda\/wp-json\/wp\/v2\/comments?post=18073"}],"version-history":[{"count":0,"href":"https:\/\/www.tucomarca.com\/wordpress\/segunda\/wp-json\/wp\/v2\/posts\/18073\/revisions"}],"wp:featuredmedia":[{"embeddable":true,"href":"https:\/\/www.tucomarca.com\/wordpress\/segunda\/wp-json\/wp\/v2\/media\/18074"}],"wp:attachment":[{"href":"https:\/\/www.tucomarca.com\/wordpress\/segunda\/wp-json\/wp\/v2\/media?parent=18073"}],"wp:term":[{"taxonomy":"category","embeddable":true,"href":"https:\/\/www.tucomarca.com\/wordpress\/segunda\/wp-json\/wp\/v2\/categories?post=18073"},{"taxonomy":"post_tag","embeddable":true,"href":"https:\/\/www.tucomarca.com\/wordpress\/segunda\/wp-json\/wp\/v2\/tags?post=18073"}],"curies":[{"name":"wp","href":"https:\/\/api.w.org\/{rel}","templated":true}]}}