{"id":180779,"date":"2023-03-15T12:12:00","date_gmt":"2023-03-15T11:12:00","guid":{"rendered":"https:\/\/www.tucomarca.com\/wordpress\/segunda\/?p=180779"},"modified":"2023-03-15T21:25:31","modified_gmt":"2023-03-15T20:25:31","slug":"un-conductor-bajo-la-influencia-de-alcohol-accede-a-la-a-3-en-sentido-contrario-a-la-altura-de-riba-roja","status":"publish","type":"post","link":"https:\/\/www.tucomarca.com\/wordpress\/segunda\/un-conductor-bajo-la-influencia-de-alcohol-accede-a-la-a-3-en-sentido-contrario-a-la-altura-de-riba-roja\/","title":{"rendered":"Un conductor bajo la influencia de alcohol accede a la A-3 en sentido contrario a l&#8217;altura de Riba-roja"},"content":{"rendered":"\n<h3 class=\"wp-block-heading\"><strong>La Guardia Civil lo investiga por dos delitos contra la seguridad vial<\/strong><\/h3>\n\n\n\n<h3 class=\"wp-block-heading\"><strong>El veh\u00edculo colision\u00f3 con otro veh\u00edculo ocupado por dos personas.<\/strong><\/h3>\n\n\n\n<p>Sobre las 19.15 horas del s\u00e1bado 11 de marzo, el conductor de un turismo en el que viajaban tres personas accedi\u00f3 en sentido contrario a la A-3 a la altura de Ribarroja.<\/p>\n\n\n\n<p>El veh\u00edculo que circul\u00f3 sentido Valencia por los carriles hacia Madrid, colision\u00f3 contra otro turismo provocando solo da\u00f1os materiales y sin que hubiera que lamentar v\u00edctimas.<\/p>\n\n\n\n<p>La pasajera del turismo contra el que impact\u00f3, de 65 a\u00f1os de edad, no dud\u00f3 en dirigirse a los ocupantes del veh\u00edculo para evitar que siguieran conduciendo incorrectamente y se ausentaran del lugar.<\/p>\n\n\n\n<p>Momentos despu\u00e9s, una patrulla de motoristas de la Guardia Civil de Tr\u00e1fico se person\u00f3 en el punto, comprobando que el conductor se encontraba bajo la influencia de bebidas alcoh\u00f3licas, arrojando un resultado que superaba en m\u00e1s del doble la tasa de alcohol permitida.<\/p>\n\n\n\n<p>Por un Equipo de Atestados del Subsector de la Guardia Civil de Tr\u00e1fico de Valencia se procedi\u00f3 a investigar al autor, de 66 a\u00f1os de edad, por sendos delitos contra la seguridad vial, por conducci\u00f3n temeraria y por conducir bajo la influencia de bebidas alcoh\u00f3licas, que conllevan penas de hasta 2 a\u00f1os de prisi\u00f3n y privaci\u00f3n del derecho a conducir hasta 6 a\u00f1os.<\/p>\n","protected":false},"excerpt":{"rendered":"<div class=\"mh-excerpt\">La Guardia Civil lo investiga por dos delitos contra la seguridad vial El veh\u00edculo colision\u00f3 con otro veh\u00edculo ocupado por dos personas. Sobre las 19.15 horas del s\u00e1bado 11 de marzo, el conductor de un <a class=\"mh-excerpt-more\" href=\"https:\/\/www.tucomarca.com\/wordpress\/segunda\/un-conductor-bajo-la-influencia-de-alcohol-accede-a-la-a-3-en-sentido-contrario-a-la-altura-de-riba-roja\/\" title=\"Un conductor bajo la influencia de alcohol accede a la A-3 en sentido contrario a l&#8217;altura de Riba-roja\">[+] <\/a><\/div>\n","protected":false},"author":1,"featured_media":82025,"comment_status":"open","ping_status":"open","sticky":false,"template":"","format":"standard","meta":{"footnotes":""},"categories":[46,8,72,182,3,116,45],"tags":[12992,10395,8900],"class_list":{"0":"post-180779","1":"post","2":"type-post","3":"status-publish","4":"format-standard","5":"has-post-thumbnail","7":"category-camp-de-turia","8":"category-la-comarca","9":"category-sin-categorizar","10":"category-riba-roja","11":"category-seccion","12":"category-sucesos-la-comarca","13":"category-ventana","14":"tag-autovia-a-3","15":"tag-camp-de-turia","16":"tag-riba-roja-del-turia"},"_links":{"self":[{"href":"https:\/\/www.tucomarca.com\/wordpress\/segunda\/wp-json\/wp\/v2\/posts\/180779","targetHints":{"allow":["GET"]}}],"collection":[{"href":"https:\/\/www.tucomarca.com\/wordpress\/segunda\/wp-json\/wp\/v2\/posts"}],"about":[{"href":"https:\/\/www.tucomarca.com\/wordpress\/segunda\/wp-json\/wp\/v2\/types\/post"}],"author":[{"embeddable":true,"href":"https:\/\/www.tucomarca.com\/wordpress\/segunda\/wp-json\/wp\/v2\/users\/1"}],"replies":[{"embeddable":true,"href":"https:\/\/www.tucomarca.com\/wordpress\/segunda\/wp-json\/wp\/v2\/comments?post=180779"}],"version-history":[{"count":0,"href":"https:\/\/www.tucomarca.com\/wordpress\/segunda\/wp-json\/wp\/v2\/posts\/180779\/revisions"}],"wp:featuredmedia":[{"embeddable":true,"href":"https:\/\/www.tucomarca.com\/wordpress\/segunda\/wp-json\/wp\/v2\/media\/82025"}],"wp:attachment":[{"href":"https:\/\/www.tucomarca.com\/wordpress\/segunda\/wp-json\/wp\/v2\/media?parent=180779"}],"wp:term":[{"taxonomy":"category","embeddable":true,"href":"https:\/\/www.tucomarca.com\/wordpress\/segunda\/wp-json\/wp\/v2\/categories?post=180779"},{"taxonomy":"post_tag","embeddable":true,"href":"https:\/\/www.tucomarca.com\/wordpress\/segunda\/wp-json\/wp\/v2\/tags?post=180779"}],"curies":[{"name":"wp","href":"https:\/\/api.w.org\/{rel}","templated":true}]}}