{"id":18086,"date":"2013-09-27T15:46:19","date_gmt":"2013-09-27T12:46:19","guid":{"rendered":"http:\/\/www.tucomarca.com\/wordpress\/segunda\/?p=18086"},"modified":"2013-09-27T15:46:26","modified_gmt":"2013-09-27T12:46:26","slug":"la-casa-de-la-cultura-de-la-pobla-de-vallbona-retoma-este-fin-de-semana-su-programacion","status":"publish","type":"post","link":"https:\/\/www.tucomarca.com\/wordpress\/segunda\/la-casa-de-la-cultura-de-la-pobla-de-vallbona-retoma-este-fin-de-semana-su-programacion\/","title":{"rendered":"La Casa de la Cultura de La Pobla de Vallbona retoma este fin de semana su programaci\u00f3n"},"content":{"rendered":"<p><figure id=\"attachment_18087\" aria-describedby=\"caption-attachment-18087\" style=\"width: 300px\" class=\"wp-caption alignleft\"><a href=\"https:\/\/www.tucomarca.com\/wordpress\/segunda\/?attachment_id=18087\" rel=\"attachment wp-att-18087\"><img loading=\"lazy\" decoding=\"async\" src=\"https:\/\/www.tucomarca.com\/wordpress\/segunda\/wp-content\/uploads\/2013\/09\/imagen-300x225.jpg\" alt=\"\" title=\"imagen\" width=\"300\" height=\"225\" class=\"size-medium wp-image-18087\" srcset=\"https:\/\/www.tucomarca.com\/wordpress\/segunda\/wp-content\/uploads\/2013\/09\/imagen-300x225.jpg 300w, https:\/\/www.tucomarca.com\/wordpress\/segunda\/wp-content\/uploads\/2013\/09\/imagen-1024x768.jpg 1024w\" sizes=\"auto, (max-width: 300px) 100vw, 300px\" \/><\/a><figcaption id=\"caption-attachment-18087\" class=\"wp-caption-text\">La actividad vuelve a la Casa de la Cultura. tc.c<\/figcaption><\/figure>Una vez acabado el per\u00edodo estival, la Casa de la Cultura de la Pobla de Vallbona reinicia este fin de semana su programaci\u00f3n. Una agenda repleta de actos culturales, exposiciones, espect\u00e1culos, teatro, cine y muchas otras actividades que dar\u00e1n cabida a multitud de artistas, asociaciones, grupos y entidades, con especial atenci\u00f3n a los artistas y grupos locales.<br \/>\nDe esta manera, las actividades arrancan este mismo s\u00e1bado a las 18:30 horas en la Sala de Exposiciones, con la inauguraci\u00f3n de la exposici\u00f3n de los alumnos de la escuela de pintura Arts Masi\u00e0, que dar\u00e1n a conocer sus sorprendentes trabajos. A las 19 horas tendr\u00e1 lugar en el auditorio un concierto que ofrecer\u00e1n los j\u00f3venes m\u00fasicos de la Banda Juvenil de la Corporaci\u00f3n Musical de la Pobla de Vallbona, con un completo programa que har\u00e1 disfrutar a los amantes de la m\u00fasica de banda y de la m\u00fasica en directo.<\/p>\n<p>Como avance, el pr\u00f3ximo viernes 4 de octubre a les 22.30 horas, Kasiopea Teatre y  la Escuela Municipal de Artes Esc\u00e9nicas  (EMAE) de la Pobla iniciar\u00e1n la temporada teatral con la divertida obra \u201cQue pague qui puga\u201d. Durante el mes de octubre, la Casa de la Cultura acoger\u00e1, entre otros actos, el concierto del 9 de octubre a cargo de la Corporaci\u00f3n Musical de la Pobla, el festival de danza popular el d\u00eda 12 a cargo del \u201cGrup de danses de la Pobla\u201d o una nueva representaci\u00f3n teatral de Teatrejant-EMAE para el 18, adem\u00e1s del inicio de las proyecciones cinematogr\u00e1ficas el s\u00e1bado 12 y 13 de octubre con las pel\u00edculas \u201cMonstruos University\u201d y \u201cEl llanero solitario\u201d.<\/p>\n","protected":false},"excerpt":{"rendered":"<div class=\"mh-excerpt\">Una vez acabado el per\u00edodo estival, la Casa de la Cultura de la Pobla de Vallbona reinicia este fin de semana su programaci\u00f3n. Una agenda repleta de actos culturales, exposiciones, espect\u00e1culos, teatro, cine y muchas <a class=\"mh-excerpt-more\" href=\"https:\/\/www.tucomarca.com\/wordpress\/segunda\/la-casa-de-la-cultura-de-la-pobla-de-vallbona-retoma-este-fin-de-semana-su-programacion\/\" title=\"La Casa de la Cultura de La Pobla de Vallbona retoma este fin de semana su programaci\u00f3n\">[+] <\/a><\/div>\n","protected":false},"author":2,"featured_media":18087,"comment_status":"open","ping_status":"open","sticky":false,"template":"","format":"standard","meta":{"footnotes":""},"categories":[46,8,174,7,3],"tags":[1366,1276,10430,1202],"class_list":{"0":"post-18086","1":"post","2":"type-post","3":"status-publish","4":"format-standard","5":"has-post-thumbnail","7":"category-camp-de-turia","8":"category-la-comarca","9":"category-la-pobla","10":"category-ocio-y-cultura","11":"category-seccion","12":"tag-agenda-2","13":"tag-cultural","14":"tag-la-pobla","15":"tag-vallbona"},"_links":{"self":[{"href":"https:\/\/www.tucomarca.com\/wordpress\/segunda\/wp-json\/wp\/v2\/posts\/18086","targetHints":{"allow":["GET"]}}],"collection":[{"href":"https:\/\/www.tucomarca.com\/wordpress\/segunda\/wp-json\/wp\/v2\/posts"}],"about":[{"href":"https:\/\/www.tucomarca.com\/wordpress\/segunda\/wp-json\/wp\/v2\/types\/post"}],"author":[{"embeddable":true,"href":"https:\/\/www.tucomarca.com\/wordpress\/segunda\/wp-json\/wp\/v2\/users\/2"}],"replies":[{"embeddable":true,"href":"https:\/\/www.tucomarca.com\/wordpress\/segunda\/wp-json\/wp\/v2\/comments?post=18086"}],"version-history":[{"count":0,"href":"https:\/\/www.tucomarca.com\/wordpress\/segunda\/wp-json\/wp\/v2\/posts\/18086\/revisions"}],"wp:featuredmedia":[{"embeddable":true,"href":"https:\/\/www.tucomarca.com\/wordpress\/segunda\/wp-json\/wp\/v2\/media\/18087"}],"wp:attachment":[{"href":"https:\/\/www.tucomarca.com\/wordpress\/segunda\/wp-json\/wp\/v2\/media?parent=18086"}],"wp:term":[{"taxonomy":"category","embeddable":true,"href":"https:\/\/www.tucomarca.com\/wordpress\/segunda\/wp-json\/wp\/v2\/categories?post=18086"},{"taxonomy":"post_tag","embeddable":true,"href":"https:\/\/www.tucomarca.com\/wordpress\/segunda\/wp-json\/wp\/v2\/tags?post=18086"}],"curies":[{"name":"wp","href":"https:\/\/api.w.org\/{rel}","templated":true}]}}