{"id":18090,"date":"2013-09-27T15:51:36","date_gmt":"2013-09-27T12:51:36","guid":{"rendered":"http:\/\/www.tucomarca.com\/wordpress\/segunda\/?p=18090"},"modified":"2013-09-27T15:51:36","modified_gmt":"2013-09-27T12:51:36","slug":"mas-de-1-300-vecinos-de-benifaio-se-benefician-del-plan-de-pago-aplazado-del-ibi-impulsado-por-el-consistorio","status":"publish","type":"post","link":"https:\/\/www.tucomarca.com\/wordpress\/segunda\/mas-de-1-300-vecinos-de-benifaio-se-benefician-del-plan-de-pago-aplazado-del-ibi-impulsado-por-el-consistorio\/","title":{"rendered":"M\u00e1s de 1.300 vecinos de Benifai\u00f3 se benefician del Plan de Pago Aplazado del IBI impulsado por el consistorio"},"content":{"rendered":"<p>Un 10% de la poblaci\u00f3n, m\u00e1s de 1.300 vecinos, se han acogido al Plan de Pago aplazado del impuesto IBI (Impuestos Bienes Inmuebles) que puso en marcha el Ayuntamiento de Benifai\u00f3 hace tres a\u00f1os y que, seg\u00fan el balance dado a conocer por el departamento de recaudaci\u00f3n \u201cesta beneficiando a muchos de nuestros vecinos\u201d, se\u00f1ala la edil de hacienda Maribel Sabater.<\/p>\n<p>La edil de hacienda valora que este plan de pago responde a un objetivo \u00fanico \u201cque nuestras familias realicen el pago de este impuesto en 9 meses, sin intereses, evitando la carga que supone realizarlo en un \u00fanico pago\u201d.<\/p>\n<p>Los vecinos de Benifai\u00f3 han solicitado mediante registro de entrada poder llevar a cabo un pago aplazado de los impuestos y en varios meses se llevan a cabo los cobros seg\u00fan la cuota establecida.<\/p>\n","protected":false},"excerpt":{"rendered":"<div class=\"mh-excerpt\">Un 10% de la poblaci\u00f3n, m\u00e1s de 1.300 vecinos, se han acogido al Plan de Pago aplazado del impuesto IBI (Impuestos Bienes Inmuebles) que puso en marcha el Ayuntamiento de Benifai\u00f3 hace tres a\u00f1os y <a class=\"mh-excerpt-more\" href=\"https:\/\/www.tucomarca.com\/wordpress\/segunda\/mas-de-1-300-vecinos-de-benifaio-se-benefician-del-plan-de-pago-aplazado-del-ibi-impulsado-por-el-consistorio\/\" title=\"M\u00e1s de 1.300 vecinos de Benifai\u00f3 se benefician del Plan de Pago Aplazado del IBI impulsado por el consistorio\">[+] <\/a><\/div>\n","protected":false},"author":2,"featured_media":0,"comment_status":"open","ping_status":"open","sticky":false,"template":"","format":"standard","meta":{"footnotes":""},"categories":[267,8,42,3],"tags":[1831,1829,10460,1830],"class_list":{"0":"post-18090","1":"post","2":"type-post","3":"status-publish","4":"format-standard","6":"category-benifaio","7":"category-la-comarca","8":"category-la-ribera","9":"category-seccion","10":"tag-1-300-vecinos","11":"tag-aplazamiento","12":"tag-benifaio","13":"tag-impuesto-ibi"},"_links":{"self":[{"href":"https:\/\/www.tucomarca.com\/wordpress\/segunda\/wp-json\/wp\/v2\/posts\/18090","targetHints":{"allow":["GET"]}}],"collection":[{"href":"https:\/\/www.tucomarca.com\/wordpress\/segunda\/wp-json\/wp\/v2\/posts"}],"about":[{"href":"https:\/\/www.tucomarca.com\/wordpress\/segunda\/wp-json\/wp\/v2\/types\/post"}],"author":[{"embeddable":true,"href":"https:\/\/www.tucomarca.com\/wordpress\/segunda\/wp-json\/wp\/v2\/users\/2"}],"replies":[{"embeddable":true,"href":"https:\/\/www.tucomarca.com\/wordpress\/segunda\/wp-json\/wp\/v2\/comments?post=18090"}],"version-history":[{"count":0,"href":"https:\/\/www.tucomarca.com\/wordpress\/segunda\/wp-json\/wp\/v2\/posts\/18090\/revisions"}],"wp:attachment":[{"href":"https:\/\/www.tucomarca.com\/wordpress\/segunda\/wp-json\/wp\/v2\/media?parent=18090"}],"wp:term":[{"taxonomy":"category","embeddable":true,"href":"https:\/\/www.tucomarca.com\/wordpress\/segunda\/wp-json\/wp\/v2\/categories?post=18090"},{"taxonomy":"post_tag","embeddable":true,"href":"https:\/\/www.tucomarca.com\/wordpress\/segunda\/wp-json\/wp\/v2\/tags?post=18090"}],"curies":[{"name":"wp","href":"https:\/\/api.w.org\/{rel}","templated":true}]}}