{"id":180945,"date":"2023-03-16T10:00:00","date_gmt":"2023-03-16T09:00:00","guid":{"rendered":"https:\/\/www.tucomarca.com\/wordpress\/segunda\/?p=180945"},"modified":"2023-03-16T19:49:39","modified_gmt":"2023-03-16T18:49:39","slug":"el-alumnado-de-los-centros-escolares-de-cheste-recauda-1-470-euros-para-feder-en-el-mercadillo-solidario","status":"publish","type":"post","link":"https:\/\/www.tucomarca.com\/wordpress\/segunda\/el-alumnado-de-los-centros-escolares-de-cheste-recauda-1-470-euros-para-feder-en-el-mercadillo-solidario\/","title":{"rendered":"<strong>El alumnado de los centros escolares de Cheste recauda 1.470 euros para Feder en el Mercadillo Solidario<\/strong>"},"content":{"rendered":"\n<p>Cheste ha celebrado esta semana el Mercadillo Solidario que organiza la concejal\u00eda de Educaci\u00f3n junto a los centros educativos de la localidad. Esta acci\u00f3n tiene el objetivo de implicar al alumnado y a toda la poblaci\u00f3n en la recaudaci\u00f3n de fondos con fines ben\u00e9ficos. En esta ocasi\u00f3n, los fondos obtenidos en el Mercadillo han ido destinados a la Federaci\u00f3n Espa\u00f1ola de Enfermedades Raras (Feder), aportando un total de 1.470 euros.<\/p>\n\n\n\n<p>\u201cQuiero agradecer la participaci\u00f3n de todos los centros educativos, me consta que han dedicado muchas horas para preparar este mercadillo, porque la mayor\u00eda de objetos que se venden hoy aqu\u00ed es material confeccionado por el alumnado\u201d, ha declarado la concejala de Educaci\u00f3n, M\u00aa \u00c1ngeles Llorente.<\/p>\n\n\n\n<p>A primera hora de la ma\u00f1ana los colegios CEIP Vicente Blasco Ib\u00e1\u00f1ez, CEIP Ana Lluch, CEIP Francisco Giner de los R\u00edos y San Jos\u00e9 de la Monta\u00f1a han montado sus puestos de venta en la plaza Doctor Cajal, donde se podr\u00edan adquirir artesan\u00edas realizadas por el alumnado y objetos en desuso. \u201cMe parece estupenda esta iniciativa, porque con esta actividad los ni\u00f1os ya empiezan a concienciarse con las causas sociales y tambi\u00e9n est\u00e1n haciendo que los vecinos nos involucremos y colaboremos. Aunque ha venido mucha gente, me gustar\u00eda que m\u00e1s personas del pueblo se volcaran en este tipo de actos\u201d, destacaba M\u00aa Jes\u00fas Manzanera, una de las vecinas que ha participado realizando compras en el Mercadillo.<\/p>\n\n\n\n<p>\u201cSin duda esta experiencia ayuda a que los ni\u00f1os se acostumbren a hacer cosas por los dem\u00e1s; han estado muy motivados durante los preparativos y tambi\u00e9n hoy aqu\u00ed vendiendo. En el caso de nuestro centro, hemos estado haciendo distintas manualidades en cada curso y eso es lo que ahora estamos vendiendo\u201d, explicaba Miriam Fraile Huercio, maestra del CEIP Ana Lluch.<\/p>\n\n\n\n<p>El propio alumnado, coordinado por sus maestros y maestras, ha sido el encargado de realizar las ventas a todas las personas que se han acercado a la plaza para colaborar. \u201cHemos tra\u00eddo muchas cosas distintas, todas hechas por nosotros a mano y se est\u00e1 vendiendo casi todo\u201d, apuntaba Pedro Giner, alumno del CEIP Vicente Blasco Ib\u00e1\u00f1ez. \u201cTodos estamos contentos de estar aqu\u00ed y estamos disfrutando de la actividad, pero sobre todo, nos gusta la idea de poder recaudar dinero con fines ben\u00e9ficos\u201d.<\/p>\n\n\n\n<p>Al finalizar el Mercadillo se ha hecho entrega a Feder de toda la recaudaci\u00f3n.<\/p>\n\n\n\n<figure class=\"wp-block-gallery has-nested-images columns-2 is-cropped wp-block-gallery-1 is-layout-flex wp-block-gallery-is-layout-flex\">\n<figure class=\"wp-block-image size-large\"><img loading=\"lazy\" decoding=\"async\" width=\"709\" height=\"473\" data-id=\"180949\" src=\"https:\/\/www.tucomarca.com\/wordpress\/segunda\/wp-content\/uploads\/2023\/03\/Cheste_MercadilloSolidario_2.jpg\" alt=\"\" class=\"wp-image-180949\" srcset=\"https:\/\/www.tucomarca.com\/wordpress\/segunda\/wp-content\/uploads\/2023\/03\/Cheste_MercadilloSolidario_2.jpg 709w, https:\/\/www.tucomarca.com\/wordpress\/segunda\/wp-content\/uploads\/2023\/03\/Cheste_MercadilloSolidario_2-300x200.jpg 300w\" sizes=\"auto, (max-width: 709px) 100vw, 709px\" \/><\/figure>\n\n\n\n<figure class=\"wp-block-image size-large\"><img loading=\"lazy\" decoding=\"async\" width=\"709\" height=\"473\" data-id=\"180951\" src=\"https:\/\/www.tucomarca.com\/wordpress\/segunda\/wp-content\/uploads\/2023\/03\/Cheste_MercadilloSolidario_3.jpg\" alt=\"\" class=\"wp-image-180951\" srcset=\"https:\/\/www.tucomarca.com\/wordpress\/segunda\/wp-content\/uploads\/2023\/03\/Cheste_MercadilloSolidario_3.jpg 709w, https:\/\/www.tucomarca.com\/wordpress\/segunda\/wp-content\/uploads\/2023\/03\/Cheste_MercadilloSolidario_3-300x200.jpg 300w\" sizes=\"auto, (max-width: 709px) 100vw, 709px\" \/><\/figure>\n\n\n\n<figure class=\"wp-block-image size-large\"><img loading=\"lazy\" decoding=\"async\" width=\"709\" height=\"473\" data-id=\"180953\" src=\"https:\/\/www.tucomarca.com\/wordpress\/segunda\/wp-content\/uploads\/2023\/03\/Cheste_MercadilloSolidario_4.jpg\" alt=\"\" class=\"wp-image-180953\" srcset=\"https:\/\/www.tucomarca.com\/wordpress\/segunda\/wp-content\/uploads\/2023\/03\/Cheste_MercadilloSolidario_4.jpg 709w, https:\/\/www.tucomarca.com\/wordpress\/segunda\/wp-content\/uploads\/2023\/03\/Cheste_MercadilloSolidario_4-300x200.jpg 300w\" sizes=\"auto, (max-width: 709px) 100vw, 709px\" \/><\/figure>\n\n\n\n<figure class=\"wp-block-image size-large\"><img loading=\"lazy\" decoding=\"async\" width=\"709\" height=\"473\" data-id=\"180955\" src=\"https:\/\/www.tucomarca.com\/wordpress\/segunda\/wp-content\/uploads\/2023\/03\/Cheste_MercadilloSolidario_5.jpg\" alt=\"\" class=\"wp-image-180955\" srcset=\"https:\/\/www.tucomarca.com\/wordpress\/segunda\/wp-content\/uploads\/2023\/03\/Cheste_MercadilloSolidario_5.jpg 709w, https:\/\/www.tucomarca.com\/wordpress\/segunda\/wp-content\/uploads\/2023\/03\/Cheste_MercadilloSolidario_5-300x200.jpg 300w\" sizes=\"auto, (max-width: 709px) 100vw, 709px\" \/><\/figure>\n\n\n\n<figure class=\"wp-block-image size-large\"><img loading=\"lazy\" decoding=\"async\" width=\"709\" height=\"473\" data-id=\"180957\" src=\"https:\/\/www.tucomarca.com\/wordpress\/segunda\/wp-content\/uploads\/2023\/03\/Cheste_MercadilloSolidario_6.jpg\" alt=\"\" class=\"wp-image-180957\" srcset=\"https:\/\/www.tucomarca.com\/wordpress\/segunda\/wp-content\/uploads\/2023\/03\/Cheste_MercadilloSolidario_6.jpg 709w, https:\/\/www.tucomarca.com\/wordpress\/segunda\/wp-content\/uploads\/2023\/03\/Cheste_MercadilloSolidario_6-300x200.jpg 300w\" sizes=\"auto, (max-width: 709px) 100vw, 709px\" \/><\/figure>\n\n\n\n<figure class=\"wp-block-image size-large\"><img loading=\"lazy\" decoding=\"async\" width=\"709\" height=\"473\" data-id=\"180947\" src=\"https:\/\/www.tucomarca.com\/wordpress\/segunda\/wp-content\/uploads\/2023\/03\/Cheste_MercadilloSolidario_1.jpg\" alt=\"\" class=\"wp-image-180947\" srcset=\"https:\/\/www.tucomarca.com\/wordpress\/segunda\/wp-content\/uploads\/2023\/03\/Cheste_MercadilloSolidario_1.jpg 709w, https:\/\/www.tucomarca.com\/wordpress\/segunda\/wp-content\/uploads\/2023\/03\/Cheste_MercadilloSolidario_1-300x200.jpg 300w\" sizes=\"auto, (max-width: 709px) 100vw, 709px\" \/><\/figure>\n<\/figure>\n","protected":false},"excerpt":{"rendered":"<div class=\"mh-excerpt\">Cheste ha celebrado esta semana el Mercadillo Solidario que organiza la concejal\u00eda de Educaci\u00f3n junto a los centros educativos de la localidad. Esta acci\u00f3n tiene el objetivo de implicar al alumnado y a toda la <a class=\"mh-excerpt-more\" href=\"https:\/\/www.tucomarca.com\/wordpress\/segunda\/el-alumnado-de-los-centros-escolares-de-cheste-recauda-1-470-euros-para-feder-en-el-mercadillo-solidario\/\" title=\"El alumnado de los centros escolares de Cheste recauda 1.470 euros para Feder en el Mercadillo Solidario\">[+] <\/a><\/div>\n","protected":false},"author":12,"featured_media":180959,"comment_status":"open","ping_status":"open","sticky":false,"template":"","format":"gallery","meta":{"footnotes":""},"categories":[17,8,10,7,3],"tags":[339,10857,5952,17239],"class_list":{"0":"post-180945","1":"post","2":"type-post","3":"status-publish","4":"format-gallery","5":"has-post-thumbnail","7":"category-cheste","8":"category-la-comarca","9":"category-la-hoya","10":"category-ocio-y-cultura","11":"category-seccion","12":"tag-cheste-2","13":"tag-feder","14":"tag-la-hoya-de-bunol-chiva","15":"tag-mercadillo-solidario","16":"post_format-post-format-gallery"},"_links":{"self":[{"href":"https:\/\/www.tucomarca.com\/wordpress\/segunda\/wp-json\/wp\/v2\/posts\/180945","targetHints":{"allow":["GET"]}}],"collection":[{"href":"https:\/\/www.tucomarca.com\/wordpress\/segunda\/wp-json\/wp\/v2\/posts"}],"about":[{"href":"https:\/\/www.tucomarca.com\/wordpress\/segunda\/wp-json\/wp\/v2\/types\/post"}],"author":[{"embeddable":true,"href":"https:\/\/www.tucomarca.com\/wordpress\/segunda\/wp-json\/wp\/v2\/users\/12"}],"replies":[{"embeddable":true,"href":"https:\/\/www.tucomarca.com\/wordpress\/segunda\/wp-json\/wp\/v2\/comments?post=180945"}],"version-history":[{"count":0,"href":"https:\/\/www.tucomarca.com\/wordpress\/segunda\/wp-json\/wp\/v2\/posts\/180945\/revisions"}],"wp:featuredmedia":[{"embeddable":true,"href":"https:\/\/www.tucomarca.com\/wordpress\/segunda\/wp-json\/wp\/v2\/media\/180959"}],"wp:attachment":[{"href":"https:\/\/www.tucomarca.com\/wordpress\/segunda\/wp-json\/wp\/v2\/media?parent=180945"}],"wp:term":[{"taxonomy":"category","embeddable":true,"href":"https:\/\/www.tucomarca.com\/wordpress\/segunda\/wp-json\/wp\/v2\/categories?post=180945"},{"taxonomy":"post_tag","embeddable":true,"href":"https:\/\/www.tucomarca.com\/wordpress\/segunda\/wp-json\/wp\/v2\/tags?post=180945"}],"curies":[{"name":"wp","href":"https:\/\/api.w.org\/{rel}","templated":true}]}}