{"id":18142,"date":"2013-09-30T10:57:01","date_gmt":"2013-09-30T07:57:01","guid":{"rendered":"http:\/\/www.tucomarca.com\/wordpress\/segunda\/?p=18142"},"modified":"2013-09-30T13:07:11","modified_gmt":"2013-09-30T10:07:11","slug":"resultados-de-los-equipos-de-futbol-del-interior-5","status":"publish","type":"post","link":"https:\/\/www.tucomarca.com\/wordpress\/segunda\/resultados-de-los-equipos-de-futbol-del-interior-5\/","title":{"rendered":"Resultados de los equipos de f\u00fatbol del interior"},"content":{"rendered":"<p><figure id=\"attachment_18159\" aria-describedby=\"caption-attachment-18159\" style=\"width: 300px\" class=\"wp-caption alignleft\"><a href=\"https:\/\/www.tucomarca.com\/wordpress\/segunda\/?attachment_id=18159\" rel=\"attachment wp-att-18159\"><img loading=\"lazy\" decoding=\"async\" src=\"https:\/\/www.tucomarca.com\/wordpress\/segunda\/wp-content\/uploads\/2013\/09\/cdbunol-chivacf-300x200.jpg\" alt=\"\" title=\"cdbunol-chivacf\" width=\"300\" height=\"200\" class=\"size-medium wp-image-18159\" srcset=\"https:\/\/www.tucomarca.com\/wordpress\/segunda\/wp-content\/uploads\/2013\/09\/cdbunol-chivacf-300x200.jpg 300w, https:\/\/www.tucomarca.com\/wordpress\/segunda\/wp-content\/uploads\/2013\/09\/cdbunol-chivacf-1024x685.jpg 1024w, https:\/\/www.tucomarca.com\/wordpress\/segunda\/wp-content\/uploads\/2013\/09\/cdbunol-chivacf.jpg 1181w\" sizes=\"auto, (max-width: 300px) 100vw, 300px\" \/><\/a><figcaption id=\"caption-attachment-18159\" class=\"wp-caption-text\">El CD Bu\u00f1ol se llev\u00f3 el derbi contra el Chiva CF. tc.c<\/figcaption><\/figure>En Tercera Divisi\u00f3n, el CD Utiel no pudo sumar los tres puntos en casa frente a un buen Paterna. Los rojillos tuvieron que conformarse s\u00f3lo con uno tras un intenso choque en el que hubo muchas alternativas tanto en el juego como en el marcador (2-2).<br \/>\nEn Preferente, el CD Bu\u00f1ol se impuso el s\u00e1bado por la tarde al Chiva CF en el campo Vista Alegre por 0 goles a 2 en un choque presidido por las imprecisiones. Esta victoria hunde en la clasificaci\u00f3n a los chivanos y da continuidad a la racha positiva de los bu\u00f1olenses, quienes siguen mejorando d\u00eda a d\u00eda en su juego.<br \/>\nEn esta misma categor\u00eda, el CD Cheste se impuso a domicilio al Crack&#8217;s (0-2), una victoria que confirma el buen hacer del equipo guiado desde el banquillo por Gustavo Embela. Los amarillos se han convertido en una de las serias opciones a estar entre los tres primeros clasificados.<br \/>\nPor \u00faltimo, el SC Requena cosech\u00f3 un meritorio empate a 0 en casa contra el Burjassot, un rival que se ha convertido en la m\u00e1s seria opci\u00f3n de ascenso a Tercera tras el espectacular arranque de competici\u00f3n. Los de Requena visitar\u00e1n este pr\u00f3ximo fin de semana el Beltr\u00e1n B\u00e1guena de Bu\u00f1ol.<\/p>\n","protected":false},"excerpt":{"rendered":"<div class=\"mh-excerpt\">En Tercera Divisi\u00f3n, el CD Utiel no pudo sumar los tres puntos en casa frente a un buen Paterna. Los rojillos tuvieron que conformarse s\u00f3lo con uno tras un intenso choque en el que hubo <a class=\"mh-excerpt-more\" href=\"https:\/\/www.tucomarca.com\/wordpress\/segunda\/resultados-de-los-equipos-de-futbol-del-interior-5\/\" title=\"Resultados de los equipos de f\u00fatbol del interior\">[+] <\/a><\/div>\n","protected":false},"author":2,"featured_media":18159,"comment_status":"open","ping_status":"open","sticky":false,"template":"","format":"standard","meta":{"footnotes":""},"categories":[50,6,8,10,3],"tags":[773,44,713,426],"class_list":{"0":"post-18142","1":"post","2":"type-post","3":"status-publish","4":"format-standard","5":"has-post-thumbnail","7":"category-futbol-deportes","8":"category-deportes","9":"category-la-comarca","10":"category-la-hoya","11":"category-seccion","12":"tag-equipos","13":"tag-futbol","14":"tag-interior","15":"tag-resultados"},"_links":{"self":[{"href":"https:\/\/www.tucomarca.com\/wordpress\/segunda\/wp-json\/wp\/v2\/posts\/18142","targetHints":{"allow":["GET"]}}],"collection":[{"href":"https:\/\/www.tucomarca.com\/wordpress\/segunda\/wp-json\/wp\/v2\/posts"}],"about":[{"href":"https:\/\/www.tucomarca.com\/wordpress\/segunda\/wp-json\/wp\/v2\/types\/post"}],"author":[{"embeddable":true,"href":"https:\/\/www.tucomarca.com\/wordpress\/segunda\/wp-json\/wp\/v2\/users\/2"}],"replies":[{"embeddable":true,"href":"https:\/\/www.tucomarca.com\/wordpress\/segunda\/wp-json\/wp\/v2\/comments?post=18142"}],"version-history":[{"count":0,"href":"https:\/\/www.tucomarca.com\/wordpress\/segunda\/wp-json\/wp\/v2\/posts\/18142\/revisions"}],"wp:featuredmedia":[{"embeddable":true,"href":"https:\/\/www.tucomarca.com\/wordpress\/segunda\/wp-json\/wp\/v2\/media\/18159"}],"wp:attachment":[{"href":"https:\/\/www.tucomarca.com\/wordpress\/segunda\/wp-json\/wp\/v2\/media?parent=18142"}],"wp:term":[{"taxonomy":"category","embeddable":true,"href":"https:\/\/www.tucomarca.com\/wordpress\/segunda\/wp-json\/wp\/v2\/categories?post=18142"},{"taxonomy":"post_tag","embeddable":true,"href":"https:\/\/www.tucomarca.com\/wordpress\/segunda\/wp-json\/wp\/v2\/tags?post=18142"}],"curies":[{"name":"wp","href":"https:\/\/api.w.org\/{rel}","templated":true}]}}