{"id":18149,"date":"2013-09-30T11:10:46","date_gmt":"2013-09-30T08:10:46","guid":{"rendered":"http:\/\/www.tucomarca.com\/wordpress\/segunda\/?p=18149"},"modified":"2013-09-30T11:10:54","modified_gmt":"2013-09-30T08:10:54","slug":"la-guardia-civil-recupera-9-000-kilogramos-de-almendras-y-20-000-de-uvas-sustraidos-en-chiva","status":"publish","type":"post","link":"https:\/\/www.tucomarca.com\/wordpress\/segunda\/la-guardia-civil-recupera-9-000-kilogramos-de-almendras-y-20-000-de-uvas-sustraidos-en-chiva\/","title":{"rendered":"La Guardia Civil recupera 9.000 kilogramos de almendras y 20.000 de uvas sustra\u00eddos en Chiva"},"content":{"rendered":"<p><figure id=\"attachment_18150\" aria-describedby=\"caption-attachment-18150\" style=\"width: 300px\" class=\"wp-caption alignleft\"><a href=\"https:\/\/www.tucomarca.com\/wordpress\/segunda\/?attachment_id=18150\" rel=\"attachment wp-att-18150\"><img loading=\"lazy\" decoding=\"async\" src=\"https:\/\/www.tucomarca.com\/wordpress\/segunda\/wp-content\/uploads\/2013\/09\/robo-300x212.jpg\" alt=\"\" title=\"robo\" width=\"300\" height=\"212\" class=\"size-medium wp-image-18150\" srcset=\"https:\/\/www.tucomarca.com\/wordpress\/segunda\/wp-content\/uploads\/2013\/09\/robo-300x212.jpg 300w, https:\/\/www.tucomarca.com\/wordpress\/segunda\/wp-content\/uploads\/2013\/09\/robo.jpg 720w\" sizes=\"auto, (max-width: 300px) 100vw, 300px\" \/><\/a><figcaption id=\"caption-attachment-18150\" class=\"wp-caption-text\">Momento en el que la Guardia Civil procede a la detenci\u00f3n. tc.c<\/figcaption><\/figure>La Guardia en el marco de la operaci\u00f3n \u201cMARCONA\u201d desarrollada en la provincia de Valencia, ha desarrollado dos actuaciones diferentes en las que se han recuperado 9.000 kilos de almendras de los campos de la Sierra de Chiva y 20.000 kilos de uva sustra\u00eddos en una parcela agr\u00edcola de la localidad de Chiva (Valencia).<br \/>\nEn la operaci\u00f3n han sido detenidas 10 personas y se ha imputado a otros 11 m\u00e1s como autores de delito de hurto en el campo y robo en el interior de almacenes.<br \/>\nLa operaci\u00f3n es fruto de la puesta en marcha de los equipos ROCA contra las sustracciones en explotaciones agr\u00edcolas y ganaderas.<br \/>\nRobo de almendras<br \/>\nLa operaci\u00f3n se inici\u00f3 a ra\u00edz de varios robos de almendra ocurridos en los campos de la Sierra de Chiva y en el interior de varios almacenes donde eran guardadas por los propietarios hasta su traslado a la cooperativa, todos ellos ocurridos durante la noche.<br \/>\nLos agentes iniciaron una investigaci\u00f3n con el objetivo de identificar, localizar y detener a los autores que hab\u00eda causado una gran alarma entre los agricultores de la zona.<br \/>\nFruto de esta investigaci\u00f3n, los agentes pudieron constatar que se trataba de un grupo perfectamente organizado con una distribuci\u00f3n de funciones claramente establecida, contando entre sus miembros con \u201crecolectadotes\u201d, \u201ctransportadores\u201d, y \u201cvendedores\u201d.<br \/>\nPor tal motivo, se procedi\u00f3 a la detenci\u00f3n de 10 integrantes de la organizaci\u00f3n (entre los que se encuentra una mujer), y la imputaci\u00f3n de otros 10 m\u00e1s, todos ellos varones y de nacionalidad espa\u00f1ola, por su supuesta implicaci\u00f3n en 28 delitos de robo y hurto y 17 faltas de hurto relacionadas con la sustracci\u00f3n de almendra.<br \/>\nEl total de almendra sustra\u00edda en la zona ascend\u00eda a unos 9.000 kilogramos cuyo valor en el mercado se estima cercano a los 12.000 euros.<br \/>\nDesde la Sierra de Chiva hasta Cheste<br \/>\nEl grupo actuaba bajo la direcci\u00f3n del cabecilla de la organizaci\u00f3n, se\u00f1alando los lugares y el momento id\u00f3neo para sustraer la almendra ya que era gran conocedor de la zona a robar.<br \/>\nLa organizaci\u00f3n siempre actuaba de noche, y cada vez en un lugar diferente desde la Sierra de Chiva hasta el t\u00e9rmino municipal de Cheste, seleccionando previamente la almendra que iban a sustraer que siempre era la denominada \u201cmarcona\u201d por ser la m\u00e1s cara del mercado.<br \/>\nLos detenidos han sido puestos a disposici\u00f3n del Juzgado de Instrucci\u00f3n de Requena (Valencia).<br \/>\nRecuperaci\u00f3n de 20.000 kilos de uva moscatel<br \/>\nAsimismo, la Guardia Civil en otro dispositivo desarrollado la localidad de Chiva (Valencia), ven\u00eda investigando a sustracci\u00f3n en una parcela agr\u00edcola de 20.000 kilos de uva moscatel.<br \/>\nFruto de las investigaciones realizadas por los agentes se pudo averiguar que la persona que supuestamente hab\u00eda sustra\u00eddo la uva la hab\u00eda depositado en un almac\u00e9n de la localidad de Cheste para su posterior venta.<br \/>\nPor tal motivo, la Guardia Civil procedi\u00f3 a su detenci\u00f3n como supuesto autor del hurto de 20.000 kilogramos de uva moscatel, valorada en unos 9.000 euros.<br \/>\nLas diligencias han sido entregadas en el Juzgado de Instrucci\u00f3n de Requena (Valencia).<br \/>\nPlan contra las Sustracciones en Instalaciones Agr\u00edcolas y Ganaderas<br \/>\nCon los \u2018Equipos Roca\u2019 (Equipos de lucha contra el Robo en el Campo), que se enmarcan dentro del Plan contra las Sustracciones en Instalaciones Agr\u00edcolas y Ganaderas impulsado por el Ministerio del Interior, se pretende incrementar la seguridad de estas explotaciones mediante una vigilancia permanente y una mayor comunicaci\u00f3n con los colectivos afectados. En total, ser\u00e1n 55 equipos con un total de 275 agentes de la Guardia Civil dedicados en exclusiva a estos cometidos.<br \/>\nDesde que el Ministerio del Interior puso en marcha el Plan en abril de 2011, la Guardia Civil ha detenido e imputado a 1.170 personas en 2011, 1.889 en 2012 y 1.489 delincuentes hasta agosto de 2013. Si comparamos este mismo dato con el mismo per\u00edodo de 2012, la Guardia Civil detuvo hasta agosto de 2012 a 1.305 personas frente a las 1.489 de este a\u00f1o, lo que supone un incremento del 14,1%.<br \/>\nEquipos ROCA<br \/>\nLos Equipos contra los robos en el campo se han dise\u00f1ado para combatir espec\u00edficamente esta actividad delictiva. Su trabajo \u00fanico y espec\u00edfico consistir\u00e1 en: <\/p>\n<p>\u2022    Mantener un contacto permanente con todas las personas que integran los colectivos agr\u00edcolas y ganaderos.<\/p>\n<p>\u2022    Obtener informaci\u00f3n relacionada con este fen\u00f3meno delictivo y tratar de detectar a los delincuentes. <\/p>\n<p>\u2022    Investigar en aquellas explotaciones agr\u00edcolas y ganaderas donde se ha producido el delito. <\/p>\n<p>\u2022    Explicar a estos colectivos como pueden mejorar su seguridad en aras de evitar nuevos robos. <\/p>\n<p>\u2022    Convertirse en una referencia para estos colectivos en materia de seguridad<\/p>\n<p>\u2022    Identificar a los delincuentes <\/p>\n<p>\u2022    Dise\u00f1ar, en base a la informaci\u00f3n obtenida, dispositivos operativos para la detenci\u00f3n de los delincuentes, recabando el apoyo de otras unidades territoriales.<\/p>\n<p>\u2022    Se desplegar\u00e1n en las 15 provincias m\u00e1s afectadas por esta pr\u00e1ctica delictiva.<\/p>\n","protected":false},"excerpt":{"rendered":"<div class=\"mh-excerpt\">La Guardia en el marco de la operaci\u00f3n \u201cMARCONA\u201d desarrollada en la provincia de Valencia, ha desarrollado dos actuaciones diferentes en las que se han recuperado 9.000 kilos de almendras de los campos de la <a class=\"mh-excerpt-more\" href=\"https:\/\/www.tucomarca.com\/wordpress\/segunda\/la-guardia-civil-recupera-9-000-kilogramos-de-almendras-y-20-000-de-uvas-sustraidos-en-chiva\/\" title=\"La Guardia Civil recupera 9.000 kilogramos de almendras y 20.000 de uvas sustra\u00eddos en Chiva\">[+] <\/a><\/div>\n","protected":false},"author":2,"featured_media":18150,"comment_status":"open","ping_status":"open","sticky":false,"template":"","format":"standard","meta":{"footnotes":""},"categories":[16,8,10,3,116,45],"tags":[1833,10388,428],"class_list":{"0":"post-18149","1":"post","2":"type-post","3":"status-publish","4":"format-standard","5":"has-post-thumbnail","7":"category-chiva","8":"category-la-comarca","9":"category-la-hoya","10":"category-seccion","11":"category-sucesos-la-comarca","12":"category-ventana","13":"tag-almendras","14":"tag-requena","15":"tag-robo"},"_links":{"self":[{"href":"https:\/\/www.tucomarca.com\/wordpress\/segunda\/wp-json\/wp\/v2\/posts\/18149","targetHints":{"allow":["GET"]}}],"collection":[{"href":"https:\/\/www.tucomarca.com\/wordpress\/segunda\/wp-json\/wp\/v2\/posts"}],"about":[{"href":"https:\/\/www.tucomarca.com\/wordpress\/segunda\/wp-json\/wp\/v2\/types\/post"}],"author":[{"embeddable":true,"href":"https:\/\/www.tucomarca.com\/wordpress\/segunda\/wp-json\/wp\/v2\/users\/2"}],"replies":[{"embeddable":true,"href":"https:\/\/www.tucomarca.com\/wordpress\/segunda\/wp-json\/wp\/v2\/comments?post=18149"}],"version-history":[{"count":0,"href":"https:\/\/www.tucomarca.com\/wordpress\/segunda\/wp-json\/wp\/v2\/posts\/18149\/revisions"}],"wp:featuredmedia":[{"embeddable":true,"href":"https:\/\/www.tucomarca.com\/wordpress\/segunda\/wp-json\/wp\/v2\/media\/18150"}],"wp:attachment":[{"href":"https:\/\/www.tucomarca.com\/wordpress\/segunda\/wp-json\/wp\/v2\/media?parent=18149"}],"wp:term":[{"taxonomy":"category","embeddable":true,"href":"https:\/\/www.tucomarca.com\/wordpress\/segunda\/wp-json\/wp\/v2\/categories?post=18149"},{"taxonomy":"post_tag","embeddable":true,"href":"https:\/\/www.tucomarca.com\/wordpress\/segunda\/wp-json\/wp\/v2\/tags?post=18149"}],"curies":[{"name":"wp","href":"https:\/\/api.w.org\/{rel}","templated":true}]}}