{"id":181800,"date":"2023-03-24T21:59:25","date_gmt":"2023-03-24T20:59:25","guid":{"rendered":"https:\/\/www.tucomarca.com\/wordpress\/segunda\/?p=181800"},"modified":"2023-03-24T21:59:30","modified_gmt":"2023-03-24T20:59:30","slug":"video-el-canto-de-las-albaes-al-alcalde-la-corporacion-municipal-y-a-la-junta-local-fallera-preludia-los-dias-mas-intensos-de-fallas-en-turis","status":"publish","type":"post","link":"https:\/\/www.tucomarca.com\/wordpress\/segunda\/video-el-canto-de-las-albaes-al-alcalde-la-corporacion-municipal-y-a-la-junta-local-fallera-preludia-los-dias-mas-intensos-de-fallas-en-turis\/","title":{"rendered":"V\u00eddeo: El canto de las albaes al alcalde, la corporaci\u00f3n municipal y a la Junta Local Fallera preludia los d\u00edas m\u00e1s intensos de Fallas en Tur\u00eds"},"content":{"rendered":"\n<figure class=\"wp-block-embed is-type-video is-provider-youtube wp-block-embed-youtube wp-embed-aspect-16-9 wp-has-aspect-ratio\"><div class=\"wp-block-embed__wrapper\">\n<iframe loading=\"lazy\" title=\"V\u00eddeo: Albaes Falles Tur\u00eds 2023. Alcalde, corporaci\u00f3 municipal i Junta Local Fallera.\" width=\"500\" height=\"281\" src=\"https:\/\/www.youtube.com\/embed\/hVQ_QwCAqUw?feature=oembed\" frameborder=\"0\" allow=\"accelerometer; autoplay; clipboard-write; encrypted-media; gyroscope; picture-in-picture; web-share\" referrerpolicy=\"strict-origin-when-cross-origin\" allowfullscreen><\/iframe>\n<\/div><\/figure>\n\n\n\n<p>Como es tradici\u00f3n en la localidad, el canto de las albaes preludia cada a\u00f1o el inicio de las fiestas falleras en la localidad de Tur\u00eds. Aqu\u00ed os dejamos la videograbaci\u00f3n a cargo de\u00a0<strong>tucomarca televisi\u00f3n<\/strong>\u00a0de c\u00f3mo se ha desarrollado este jueves por la noche las albaes cantadas por el grupo de Cant Valenci\u00e0 del Puig de Santa Mar\u00eda al alcalde, Eugenio Forta\u00f1a; al resto de la corporaci\u00f3n municipal; as\u00ed como a los miembros de la Junta Local Fallera del municipio.<\/p>\n","protected":false},"excerpt":{"rendered":"<div class=\"mh-excerpt\">Como es tradici\u00f3n en la localidad, el canto de las albaes preludia cada a\u00f1o el inicio de las fiestas falleras en la localidad de Tur\u00eds. Aqu\u00ed os dejamos la videograbaci\u00f3n a cargo de\u00a0tucomarca televisi\u00f3n\u00a0de c\u00f3mo <a class=\"mh-excerpt-more\" href=\"https:\/\/www.tucomarca.com\/wordpress\/segunda\/video-el-canto-de-las-albaes-al-alcalde-la-corporacion-municipal-y-a-la-junta-local-fallera-preludia-los-dias-mas-intensos-de-fallas-en-turis\/\" title=\"V\u00eddeo: El canto de las albaes al alcalde, la corporaci\u00f3n municipal y a la Junta Local Fallera preludia los d\u00edas m\u00e1s intensos de Fallas en Tur\u00eds\">[+] <\/a><\/div>\n","protected":false},"author":1,"featured_media":181802,"comment_status":"open","ping_status":"open","sticky":false,"template":"","format":"video","meta":{"footnotes":""},"categories":[4,66,8,72,42,5,7,383,3,43,45,26],"tags":[17324,10466,80,3328,3640,10394],"class_list":{"0":"post-181800","1":"post","2":"type-post","3":"status-publish","4":"format-video","5":"has-post-thumbnail","7":"category-agenda","8":"category-musica","9":"category-la-comarca","10":"category-sin-categorizar","11":"category-la-ribera","12":"category-la-semana-en-imagenes","13":"category-ocio-y-cultura","14":"category-pueblos-en-fiestas","15":"category-seccion","16":"category-turis","17":"category-ventana","18":"category-video","19":"tag-17324","20":"tag-albaes","21":"tag-fallas","22":"tag-falles","23":"tag-la-ribera-alta","24":"tag-turis","25":"post_format-post-format-video"},"_links":{"self":[{"href":"https:\/\/www.tucomarca.com\/wordpress\/segunda\/wp-json\/wp\/v2\/posts\/181800","targetHints":{"allow":["GET"]}}],"collection":[{"href":"https:\/\/www.tucomarca.com\/wordpress\/segunda\/wp-json\/wp\/v2\/posts"}],"about":[{"href":"https:\/\/www.tucomarca.com\/wordpress\/segunda\/wp-json\/wp\/v2\/types\/post"}],"author":[{"embeddable":true,"href":"https:\/\/www.tucomarca.com\/wordpress\/segunda\/wp-json\/wp\/v2\/users\/1"}],"replies":[{"embeddable":true,"href":"https:\/\/www.tucomarca.com\/wordpress\/segunda\/wp-json\/wp\/v2\/comments?post=181800"}],"version-history":[{"count":0,"href":"https:\/\/www.tucomarca.com\/wordpress\/segunda\/wp-json\/wp\/v2\/posts\/181800\/revisions"}],"wp:featuredmedia":[{"embeddable":true,"href":"https:\/\/www.tucomarca.com\/wordpress\/segunda\/wp-json\/wp\/v2\/media\/181802"}],"wp:attachment":[{"href":"https:\/\/www.tucomarca.com\/wordpress\/segunda\/wp-json\/wp\/v2\/media?parent=181800"}],"wp:term":[{"taxonomy":"category","embeddable":true,"href":"https:\/\/www.tucomarca.com\/wordpress\/segunda\/wp-json\/wp\/v2\/categories?post=181800"},{"taxonomy":"post_tag","embeddable":true,"href":"https:\/\/www.tucomarca.com\/wordpress\/segunda\/wp-json\/wp\/v2\/tags?post=181800"}],"curies":[{"name":"wp","href":"https:\/\/api.w.org\/{rel}","templated":true}]}}