{"id":181933,"date":"2023-03-25T09:00:00","date_gmt":"2023-03-25T08:00:00","guid":{"rendered":"https:\/\/www.tucomarca.com\/wordpress\/segunda\/?p=181933"},"modified":"2023-03-27T20:21:23","modified_gmt":"2023-03-27T19:21:23","slug":"sanidad-notifica-8-fallecimientos-795-nuevos-casos-de-coronavirus-en-la-comunitat-valenciana-469-de-ellos-en-personas-mayores-de-60-anos","status":"publish","type":"post","link":"https:\/\/www.tucomarca.com\/wordpress\/segunda\/sanidad-notifica-8-fallecimientos-795-nuevos-casos-de-coronavirus-en-la-comunitat-valenciana-469-de-ellos-en-personas-mayores-de-60-anos\/","title":{"rendered":"Sanidad notifica 8 fallecimientos 795 nuevos casos de coronavirus en la Comunitat Valenciana, 469 de ellos en personas mayores de 60 a\u00f1os"},"content":{"rendered":"\n<p><strong>Los hospitales valencianos tienen 164 personas ingresadas por COVID, 4 de ellas en la UCI<\/strong><\/p>\n\n\n\n<p>La Conselleria de Sanidad Universal y Salud P\u00fablica ha notificado un total de 795 nuevos casos de coronavirus confirmados por prueba PCR o a trav\u00e9s de test de ant\u00edgenos desde la \u00faltima actualizaci\u00f3n el pasado jueves. Los nuevos casos por provincias son 185 en Castell\u00f3n (196.668 en total), 191 en Alicante (536.847 en total) y 419 en Valencia (855.622 en total).<\/p>\n\n\n\n<p>De ellos, 469 son personas mayores de 60 a\u00f1os. Por provincias: 126 de Castell\u00f3n, 116 de Alicante y 227 de Valencia.<\/p>\n\n\n\n<p>Los hospitales valencianos tienen actualmente 164 personas ingresadas por coronavirus, 4 de ellas en la UCI: 34 en la provincia de Castell\u00f3n, 0 en UCI; 37 en la provincia de Alicante, 0 de ellas en la UCI, y 93 en la provincia de Valencia, 4 en UCI.<\/p>\n\n\n\n<p>Se han notificado 8 fallecimientos por coronavirus desde la \u00faltima actualizaci\u00f3n, todos con fecha de defunci\u00f3n en los \u00faltimos 7 d\u00edas. Se trata de 4 mujeres, de entre 89 y 100 a\u00f1os, y 4 hombres de entre 82 y 93 a\u00f1os. El total de decesos desde el inicio de la pandemia asciende a 10.451: 1.264 en la provincia de Castell\u00f3n, 3.964 en la de Alicante y 5.223 en la de Valencia.<\/p>\n","protected":false},"excerpt":{"rendered":"<div class=\"mh-excerpt\">Los hospitales valencianos tienen 164 personas ingresadas por COVID, 4 de ellas en la UCI La Conselleria de Sanidad Universal y Salud P\u00fablica ha notificado un total de 795 nuevos casos de coronavirus confirmados por <a class=\"mh-excerpt-more\" href=\"https:\/\/www.tucomarca.com\/wordpress\/segunda\/sanidad-notifica-8-fallecimientos-795-nuevos-casos-de-coronavirus-en-la-comunitat-valenciana-469-de-ellos-en-personas-mayores-de-60-anos\/\" title=\"Sanidad notifica 8 fallecimientos 795 nuevos casos de coronavirus en la Comunitat Valenciana, 469 de ellos en personas mayores de 60 a\u00f1os\">[+] <\/a><\/div>\n","protected":false},"author":13,"featured_media":146477,"comment_status":"open","ping_status":"open","sticky":false,"template":"","format":"standard","meta":{"footnotes":""},"categories":[119,12201,128,8,72,142,3,116],"tags":[11937,11938,2142,52,1973,2105],"class_list":{"0":"post-181933","1":"post","2":"type-post","3":"status-publish","4":"format-standard","5":"has-post-thumbnail","7":"category-sanidad-la-comarca","8":"category-covid-19","9":"category-infraestructuras","10":"category-la-comarca","11":"category-sin-categorizar","12":"category-politica-la-comarca","13":"category-seccion","14":"category-sucesos-la-comarca","15":"tag-coronavirus","16":"tag-covid-19","17":"tag-la-comunitat","18":"tag-sanidad","19":"tag-vacunacion","20":"tag-vacunas"},"_links":{"self":[{"href":"https:\/\/www.tucomarca.com\/wordpress\/segunda\/wp-json\/wp\/v2\/posts\/181933","targetHints":{"allow":["GET"]}}],"collection":[{"href":"https:\/\/www.tucomarca.com\/wordpress\/segunda\/wp-json\/wp\/v2\/posts"}],"about":[{"href":"https:\/\/www.tucomarca.com\/wordpress\/segunda\/wp-json\/wp\/v2\/types\/post"}],"author":[{"embeddable":true,"href":"https:\/\/www.tucomarca.com\/wordpress\/segunda\/wp-json\/wp\/v2\/users\/13"}],"replies":[{"embeddable":true,"href":"https:\/\/www.tucomarca.com\/wordpress\/segunda\/wp-json\/wp\/v2\/comments?post=181933"}],"version-history":[{"count":0,"href":"https:\/\/www.tucomarca.com\/wordpress\/segunda\/wp-json\/wp\/v2\/posts\/181933\/revisions"}],"wp:featuredmedia":[{"embeddable":true,"href":"https:\/\/www.tucomarca.com\/wordpress\/segunda\/wp-json\/wp\/v2\/media\/146477"}],"wp:attachment":[{"href":"https:\/\/www.tucomarca.com\/wordpress\/segunda\/wp-json\/wp\/v2\/media?parent=181933"}],"wp:term":[{"taxonomy":"category","embeddable":true,"href":"https:\/\/www.tucomarca.com\/wordpress\/segunda\/wp-json\/wp\/v2\/categories?post=181933"},{"taxonomy":"post_tag","embeddable":true,"href":"https:\/\/www.tucomarca.com\/wordpress\/segunda\/wp-json\/wp\/v2\/tags?post=181933"}],"curies":[{"name":"wp","href":"https:\/\/api.w.org\/{rel}","templated":true}]}}