{"id":182048,"date":"2023-03-28T12:30:00","date_gmt":"2023-03-28T11:30:00","guid":{"rendered":"https:\/\/www.tucomarca.com\/wordpress\/segunda\/?p=182048"},"modified":"2023-03-28T20:17:22","modified_gmt":"2023-03-28T19:17:22","slug":"la-diputacio-de-valencia-reconoce-la-labor-de-alcaldes-y-alcaldesas-del-camp-de-turia-y-la-serrania-con-20-anos-en-el-cargo","status":"publish","type":"post","link":"https:\/\/www.tucomarca.com\/wordpress\/segunda\/la-diputacio-de-valencia-reconoce-la-labor-de-alcaldes-y-alcaldesas-del-camp-de-turia-y-la-serrania-con-20-anos-en-el-cargo\/","title":{"rendered":"La Diputaci\u00f3 de Val\u00e8ncia reconoce la labor de alcaldes y alcaldesas del Camp de T\u00faria y La Serran\u00eda con 20 a\u00f1os en el cargo"},"content":{"rendered":"\n<p><strong>El presidente Gaspar destaca a Ximo Segarra (Benaguasil), Lola Celda (Marines), Ramiro Rivera (Titaguas) y Ra\u00fal Pardos (Gestalgar) como \u201cejemplo de trabajo y dignidad en tiempos de ruido y trincheras de distracci\u00f3n pol\u00edtica\u201d<\/strong><\/p>\n\n\n\n<p>La Diputaci\u00f3 de Val\u00e8ncia ha reconocido la labor de los alcaldes y alcaldesas de la provincia que llevan 20 a\u00f1os o m\u00e1s en el ejercicio del cargo. El presidente de la instituci\u00f3n, Toni Gaspar, ha puesto a estos 17 alcaldes y tres alcaldesas como \u201cejemplo de trabajo y dignidad en tiempos de ruido y trincheras de distracci\u00f3n pol\u00edtica; buenas personas respetadas por sus vecinas y vecinos\u201d. A todos y todas ha agradecido \u201clo que hab\u00e9is hecho y c\u00f3mo lo hab\u00e9is hecho\u201d y los ha convertido en protagonistas del nuevo claim de la Diputaci\u00f3n: \u201cPer sempre alcaldes y alcaldesas como vosotros y vosotras\u201d.<\/p>\n\n\n\n<p>El reconocimiento a los responsables locales que acumulan al menos cinco legislaturas en el cargo ha sido el primer punto del orden del d\u00eda del pleno de marzo, que ha iniciado el presidente Gaspar reclamando \u201cliderazgos cordiales que no se basen en eliminar al adversario\u201d, dejando claro en qu\u00e9 espejo mirarse: \u201cun alcalde y alcaldesa es el cargo p\u00fablico al que m\u00e1s ayuda se le pide; el \u00fanico cargo al que se le toca a la puerta de casa por una necesidad; el cargo que deber\u00eda haber desempe\u00f1ado cualquier persona que aspire a cotas superiores en pol\u00edtica, para asegurar una dosis m\u00ednima de humanidad y sentido com\u00fan\u201d.<\/p>\n\n\n\n<p>Con este bagaje han sido invitados al pleno los alcaldes de Picanya, Josep Almenar; Torrent, Jes\u00fas Ros; Albal, Ram\u00f3n Mar\u00ed; El Palomar, Jordi Vila; Pinet, Juan Ram\u00f3n Chismol; Aielo de Rugat, Jaime Soler; Tous, Crist\u00f3bal Garc\u00eda; Alginet, Jos\u00e9 Vicente Alemany; l\u2019Alqueria de la Comtessa, Voro Femen\u00eda; Palmera, \u00c1lvaro Catal\u00e1; Gestalgar, Ra\u00fal Pardos; La Llosa de Ranes, Evarist Aznar; Dos Aguas, Jos\u00e9 Ram\u00f3n Grau; y Jarafuel, Fernando Garc\u00eda; y las alcaldesas de Picassent, Conxa Garc\u00eda; Marines, Lola Celda; y Quart de Poblet, Carmen Mart\u00ednez.<\/p>\n\n\n\n<p>La n\u00f3mina de responsables locales con 20 a\u00f1os en el cargo la completan los tres representantes de la instituci\u00f3n provincial que llevan al menos dos d\u00e9cadas al frente de sus ayuntamientos, caso del alcalde de Benaguasil y diputado provincial, Ximo Segarra; el alcalde de Titaguas y diputado de Desarrollo Rural, Ramiro Rivera; y el alcalde de Faura y presidente de la Diputaci\u00f3n, Toni Gaspar, quien ha finalizado su intervenci\u00f3n instando a \u201ccooperar m\u00e1s y competir menos\u201d.<\/p>\n\n\n\n<p>En representaci\u00f3n de los homenajeados ha tomado la palabra el alcalde de Picanya, Josep Almenar, quien ha hecho extensible el reconocimiento \u201ca todas las personas que dan un paso adelante y trabajan por sus pueblos al frente de las alcald\u00edas o de cualquier concejal\u00eda\u201d. Almenar ha pedido \u201ctener respeto por las urnas y la democracia, ya que ser alcalde supone cumplir el mandato de la ciudadan\u00eda, durante tantas legislaturas como decida tu pueblo\u201d. Tambi\u00e9n ha destacado el papel de una instituci\u00f3n \u201ctan necesaria como la Diputaci\u00f3n y sus colaboraciones con la Generalitat y los ayuntamientos\u201d y ha reivindicado la hist\u00f3rica cifra del 25% de financiaci\u00f3n para la administraci\u00f3n local.<\/p>\n\n\n\n<p>Los alcaldes y alcaldesas reconocidos por la Diputaci\u00f3n han recibido de manos del presidente Gaspar una r\u00e9plica de la escultura \u2018Xiqueta llegint\u2019 del artista Adri\u00e0 Garc\u00eda Civera, alumno y profesor del IVAF y becado por la instituci\u00f3n provincial. El reconocimiento se ha hecho extensible al secretario de la Diputaci\u00f3 de Val\u00e8ncia, Vicente Boquera, por su trayectoria de cuarenta a\u00f1os en la corporaci\u00f3n.<\/p>\n\n\n\n<p><strong>Plan Estrat\u00e9gico de Desarrollo Rural<\/strong><\/p>\n\n\n\n<p>Entre los asuntos tratados en la sesi\u00f3n plenaria de marzo destaca la aprobaci\u00f3n del Plan Estrat\u00e9gico de Desarrollo Rural y Pol\u00edticas contra la Despoblaci\u00f3n, que finalmente ha sido consensuado por los grupos al incluir un objetivo espec\u00edfico nuevo dirigido a \u201capoyar el mantenimiento del comercio y la hosteler\u00eda en los municipios rurales y en riesgo de despoblaci\u00f3n, estudiando la puesta en marcha de un programa de ayudas con el objetivo de garantizar su viabilidad econ\u00f3mica\u201d.<\/p>\n\n\n\n<p>Este objetivo considera importante la existencia de establecimientos hosteleros para aumentar la cohesi\u00f3n y la integraci\u00f3n vecinal en estos peque\u00f1os municipios, evitando el aislamiento social, y se suma a otros conceptos incluidos en el programa contra la despoblaci\u00f3n como el impulso del emprendimiento local, las ayudas para transporte y escuelas rurales, los incentivos empresariales y el apoyo a los ayuntamientos de las localidades menos pobladas.<\/p>\n\n\n\n<figure class=\"wp-block-image size-large\"><img loading=\"lazy\" decoding=\"async\" width=\"1024\" height=\"623\" src=\"https:\/\/www.tucomarca.com\/wordpress\/segunda\/wp-content\/uploads\/2023\/03\/Homenaje-20-anos-alcaldes-foto_Abulaila-10-1024x623.jpg\" alt=\"\" class=\"wp-image-182049\" srcset=\"https:\/\/www.tucomarca.com\/wordpress\/segunda\/wp-content\/uploads\/2023\/03\/Homenaje-20-anos-alcaldes-foto_Abulaila-10-1024x623.jpg 1024w, https:\/\/www.tucomarca.com\/wordpress\/segunda\/wp-content\/uploads\/2023\/03\/Homenaje-20-anos-alcaldes-foto_Abulaila-10-300x183.jpg 300w, https:\/\/www.tucomarca.com\/wordpress\/segunda\/wp-content\/uploads\/2023\/03\/Homenaje-20-anos-alcaldes-foto_Abulaila-10-768x467.jpg 768w, https:\/\/www.tucomarca.com\/wordpress\/segunda\/wp-content\/uploads\/2023\/03\/Homenaje-20-anos-alcaldes-foto_Abulaila-10-1536x934.jpg 1536w, https:\/\/www.tucomarca.com\/wordpress\/segunda\/wp-content\/uploads\/2023\/03\/Homenaje-20-anos-alcaldes-foto_Abulaila-10-2048x1246.jpg 2048w\" sizes=\"auto, (max-width: 1024px) 100vw, 1024px\" \/><\/figure>\n","protected":false},"excerpt":{"rendered":"<div class=\"mh-excerpt\">El presidente Gaspar destaca a Ximo Segarra (Benaguasil), Lola Celda (Marines), Ramiro Rivera (Titaguas) y Ra\u00fal Pardos (Gestalgar) como \u201cejemplo de trabajo y dignidad en tiempos de ruido y trincheras de distracci\u00f3n pol\u00edtica\u201d La Diputaci\u00f3 <a class=\"mh-excerpt-more\" href=\"https:\/\/www.tucomarca.com\/wordpress\/segunda\/la-diputacio-de-valencia-reconoce-la-labor-de-alcaldes-y-alcaldesas-del-camp-de-turia-y-la-serrania-con-20-anos-en-el-cargo\/\" title=\"La Diputaci\u00f3 de Val\u00e8ncia reconoce la labor de alcaldes y alcaldesas del Camp de T\u00faria y La Serran\u00eda con 20 a\u00f1os en el cargo\">[+] <\/a><\/div>\n","protected":false},"author":13,"featured_media":182052,"comment_status":"open","ping_status":"open","sticky":false,"template":"","format":"standard","meta":{"footnotes":""},"categories":[172,46,193,128,8,59,179,142,3,189,45],"tags":[10429,10395,10446,10400,10435,10443],"class_list":{"0":"post-182048","1":"post","2":"type-post","3":"status-publish","4":"format-standard","5":"has-post-thumbnail","7":"category-benaguasil","8":"category-camp-de-turia","9":"category-gestalgar","10":"category-infraestructuras","11":"category-la-comarca","12":"category-los-serranos","13":"category-marines","14":"category-politica-la-comarca","15":"category-seccion","16":"category-titaguas","17":"category-ventana","18":"tag-benaguasil","19":"tag-camp-de-turia","20":"tag-gestalgar","21":"tag-los-serranos","22":"tag-marines","23":"tag-titaguas"},"_links":{"self":[{"href":"https:\/\/www.tucomarca.com\/wordpress\/segunda\/wp-json\/wp\/v2\/posts\/182048","targetHints":{"allow":["GET"]}}],"collection":[{"href":"https:\/\/www.tucomarca.com\/wordpress\/segunda\/wp-json\/wp\/v2\/posts"}],"about":[{"href":"https:\/\/www.tucomarca.com\/wordpress\/segunda\/wp-json\/wp\/v2\/types\/post"}],"author":[{"embeddable":true,"href":"https:\/\/www.tucomarca.com\/wordpress\/segunda\/wp-json\/wp\/v2\/users\/13"}],"replies":[{"embeddable":true,"href":"https:\/\/www.tucomarca.com\/wordpress\/segunda\/wp-json\/wp\/v2\/comments?post=182048"}],"version-history":[{"count":0,"href":"https:\/\/www.tucomarca.com\/wordpress\/segunda\/wp-json\/wp\/v2\/posts\/182048\/revisions"}],"wp:featuredmedia":[{"embeddable":true,"href":"https:\/\/www.tucomarca.com\/wordpress\/segunda\/wp-json\/wp\/v2\/media\/182052"}],"wp:attachment":[{"href":"https:\/\/www.tucomarca.com\/wordpress\/segunda\/wp-json\/wp\/v2\/media?parent=182048"}],"wp:term":[{"taxonomy":"category","embeddable":true,"href":"https:\/\/www.tucomarca.com\/wordpress\/segunda\/wp-json\/wp\/v2\/categories?post=182048"},{"taxonomy":"post_tag","embeddable":true,"href":"https:\/\/www.tucomarca.com\/wordpress\/segunda\/wp-json\/wp\/v2\/tags?post=182048"}],"curies":[{"name":"wp","href":"https:\/\/api.w.org\/{rel}","templated":true}]}}