{"id":182165,"date":"2023-03-29T12:45:00","date_gmt":"2023-03-29T11:45:00","guid":{"rendered":"https:\/\/www.tucomarca.com\/wordpress\/segunda\/?p=182165"},"modified":"2023-03-29T13:50:17","modified_gmt":"2023-03-29T12:50:17","slug":"el-castillo-de-bunol-acogera-el-local-juvenil-una-propuesta-de-la-concejalia-de-juventud-para-los-y-las-jovenes-que-se-inaugura-este-jueves","status":"publish","type":"post","link":"https:\/\/www.tucomarca.com\/wordpress\/segunda\/el-castillo-de-bunol-acogera-el-local-juvenil-una-propuesta-de-la-concejalia-de-juventud-para-los-y-las-jovenes-que-se-inaugura-este-jueves\/","title":{"rendered":"El Castillo de Bu\u00f1ol acoger\u00e1 el Local Juvenil, una propuesta de la concejal\u00eda de Juventud para los y las j\u00f3venes que se inaugura este jueves"},"content":{"rendered":"\n<p>El Ayuntamiento de Bu\u00f1ol, mediante la concejal\u00eda de Juventud, va a poner en marcha el denominado Local Juvenil, una iniciativa con la que se quiere llevar a la pr\u00e1ctica una de las propuestas recogidas en los presupuestos participativos de 2022.<\/p>\n\n\n\n<p>El local se va a instalar en el castillo de la localidad, concretamente en el local de lo que antes era la oficina de Turismo. Se trata de un local juvenil habilitado con material l\u00fadico en el que se tendr\u00e1 unos monitores dinamizadores para hacer actividades variadas y a propuesta de los y las j\u00f3venes de Bu\u00f1ol. \u00abLa idea es que poco a poco la gente joven se vaya asociando y pueda ser &#8216;autogestionado&#8217;, aunque de momento tendr\u00e1 unos monitores que lo dinamizar\u00e1n y estar\u00e1 abierto al p\u00fablico los viernes, s\u00e1bados y domingos. En los presupuestos participativos de 2022 esta fue una de las propuestas ganadoras y, cumpliendo con el compromiso, lo estamos poniendo en marcha\u00bb, tal como ha explicado la alcaldesa de Bu\u00f1ol, Juncal Carrascosa.<\/p>\n","protected":false},"excerpt":{"rendered":"<div class=\"mh-excerpt\">El Ayuntamiento de Bu\u00f1ol, mediante la concejal\u00eda de Juventud, va a poner en marcha el denominado Local Juvenil, una iniciativa con la que se quiere llevar a la pr\u00e1ctica una de las propuestas recogidas en <a class=\"mh-excerpt-more\" href=\"https:\/\/www.tucomarca.com\/wordpress\/segunda\/el-castillo-de-bunol-acogera-el-local-juvenil-una-propuesta-de-la-concejalia-de-juventud-para-los-y-las-jovenes-que-se-inaugura-este-jueves\/\" title=\"El Castillo de Bu\u00f1ol acoger\u00e1 el Local Juvenil, una propuesta de la concejal\u00eda de Juventud para los y las j\u00f3venes que se inaugura este jueves\">[+] <\/a><\/div>\n","protected":false},"author":12,"featured_media":182167,"comment_status":"open","ping_status":"open","sticky":false,"template":"","format":"standard","meta":{"footnotes":""},"categories":[4,18,128,8,10,7,142,3],"tags":[10385,5952,18964],"class_list":{"0":"post-182165","1":"post","2":"type-post","3":"status-publish","4":"format-standard","5":"has-post-thumbnail","7":"category-agenda","8":"category-bunol","9":"category-infraestructuras","10":"category-la-comarca","11":"category-la-hoya","12":"category-ocio-y-cultura","13":"category-politica-la-comarca","14":"category-seccion","15":"tag-bunol","16":"tag-la-hoya-de-bunol-chiva","17":"tag-local-juvenil"},"_links":{"self":[{"href":"https:\/\/www.tucomarca.com\/wordpress\/segunda\/wp-json\/wp\/v2\/posts\/182165","targetHints":{"allow":["GET"]}}],"collection":[{"href":"https:\/\/www.tucomarca.com\/wordpress\/segunda\/wp-json\/wp\/v2\/posts"}],"about":[{"href":"https:\/\/www.tucomarca.com\/wordpress\/segunda\/wp-json\/wp\/v2\/types\/post"}],"author":[{"embeddable":true,"href":"https:\/\/www.tucomarca.com\/wordpress\/segunda\/wp-json\/wp\/v2\/users\/12"}],"replies":[{"embeddable":true,"href":"https:\/\/www.tucomarca.com\/wordpress\/segunda\/wp-json\/wp\/v2\/comments?post=182165"}],"version-history":[{"count":0,"href":"https:\/\/www.tucomarca.com\/wordpress\/segunda\/wp-json\/wp\/v2\/posts\/182165\/revisions"}],"wp:featuredmedia":[{"embeddable":true,"href":"https:\/\/www.tucomarca.com\/wordpress\/segunda\/wp-json\/wp\/v2\/media\/182167"}],"wp:attachment":[{"href":"https:\/\/www.tucomarca.com\/wordpress\/segunda\/wp-json\/wp\/v2\/media?parent=182165"}],"wp:term":[{"taxonomy":"category","embeddable":true,"href":"https:\/\/www.tucomarca.com\/wordpress\/segunda\/wp-json\/wp\/v2\/categories?post=182165"},{"taxonomy":"post_tag","embeddable":true,"href":"https:\/\/www.tucomarca.com\/wordpress\/segunda\/wp-json\/wp\/v2\/tags?post=182165"}],"curies":[{"name":"wp","href":"https:\/\/api.w.org\/{rel}","templated":true}]}}