{"id":182185,"date":"2023-03-29T14:00:00","date_gmt":"2023-03-29T13:00:00","guid":{"rendered":"https:\/\/www.tucomarca.com\/wordpress\/segunda\/?p=182185"},"modified":"2023-03-29T18:57:03","modified_gmt":"2023-03-29T17:57:03","slug":"la-bunolense-ariadna-fuentes-valero-se-proclama-subcampeona-de-la-comunidad-valenciana-en-gimnasia-ritmica","status":"publish","type":"post","link":"https:\/\/www.tucomarca.com\/wordpress\/segunda\/la-bunolense-ariadna-fuentes-valero-se-proclama-subcampeona-de-la-comunidad-valenciana-en-gimnasia-ritmica\/","title":{"rendered":"La bu\u00f1olense Ariadna Fuentes Valero se proclama Subcampeona de la Comunidad Valenciana en Gimnasia R\u00edtmica"},"content":{"rendered":"\n<p>La bu\u00f1olense Ariadna Fuentes Valero se ha proclamado Subcampeona de la Comunidad Valenciana en Gimnasia R\u00edtmica en la fase Aut\u00f3n\u00f3mica Nacional Base de Gimnasia R\u00edtmica clasificatoria para el Campeonato Nacional celebrado este pasado domingo, 26 de marzo, en Gand\u00eda. <\/p>\n\n\n\n<p>Tras un d\u00eda intenso de competici\u00f3n, Ariadna Fuentes Valero consegu\u00eda alzarse con la plata proclam\u00e1ndose Subcampeona de la Comunidad Valenciana. \u00a0\u201cEste triunfo para m\u00ed es un subid\u00f3n de energ\u00eda para el Nacional. Ahora toca trabajar duro y con humildad. Pienso defender mi minuto y medio de ejercicio a muerte; pero, sobre todo, disfrutar, pues haber llegado hasta aqu\u00ed para m\u00ed ya es un regalo, m\u00e1s all\u00e1 del resultado\u201d, como ha comentado a <strong>tucomarca.com<\/strong> esta jovenc\u00edsima gimnasta bu\u00f1olense, de tan s\u00f3lo 12 a\u00f1os de edad, que actualmente compite con el Club CGR Manises.<\/p>\n\n\n\n<p>Del 18 al 23 de abril se celebrar\u00e1 en Pamplona el Campeonato de Espa\u00f1a Base Individual 2023 donde Ariadna luchar\u00e1 por estar entre las mejores gimnastas de Espa\u00f1a.<\/p>\n\n\n\n<figure class=\"wp-block-gallery has-nested-images columns-default is-cropped wp-block-gallery-1 is-layout-flex wp-block-gallery-is-layout-flex\">\n<figure class=\"wp-block-image size-large\"><img loading=\"lazy\" decoding=\"async\" width=\"1181\" height=\"785\" data-id=\"182187\" src=\"https:\/\/www.tucomarca.com\/wordpress\/segunda\/wp-content\/uploads\/2023\/03\/AriadnaFuentes02.jpg\" alt=\"\" class=\"wp-image-182187\" srcset=\"https:\/\/www.tucomarca.com\/wordpress\/segunda\/wp-content\/uploads\/2023\/03\/AriadnaFuentes02.jpg 1181w, https:\/\/www.tucomarca.com\/wordpress\/segunda\/wp-content\/uploads\/2023\/03\/AriadnaFuentes02-300x199.jpg 300w, https:\/\/www.tucomarca.com\/wordpress\/segunda\/wp-content\/uploads\/2023\/03\/AriadnaFuentes02-1024x681.jpg 1024w, https:\/\/www.tucomarca.com\/wordpress\/segunda\/wp-content\/uploads\/2023\/03\/AriadnaFuentes02-768x510.jpg 768w\" sizes=\"auto, (max-width: 1181px) 100vw, 1181px\" \/><\/figure>\n\n\n\n<figure class=\"wp-block-image size-large\"><img loading=\"lazy\" decoding=\"async\" width=\"1181\" height=\"742\" data-id=\"182189\" src=\"https:\/\/www.tucomarca.com\/wordpress\/segunda\/wp-content\/uploads\/2023\/03\/AriadnaFuentes03.jpg\" alt=\"\" class=\"wp-image-182189\" srcset=\"https:\/\/www.tucomarca.com\/wordpress\/segunda\/wp-content\/uploads\/2023\/03\/AriadnaFuentes03.jpg 1181w, https:\/\/www.tucomarca.com\/wordpress\/segunda\/wp-content\/uploads\/2023\/03\/AriadnaFuentes03-300x188.jpg 300w, https:\/\/www.tucomarca.com\/wordpress\/segunda\/wp-content\/uploads\/2023\/03\/AriadnaFuentes03-1024x643.jpg 1024w, https:\/\/www.tucomarca.com\/wordpress\/segunda\/wp-content\/uploads\/2023\/03\/AriadnaFuentes03-768x483.jpg 768w\" sizes=\"auto, (max-width: 1181px) 100vw, 1181px\" \/><\/figure>\n<\/figure>\n","protected":false},"excerpt":{"rendered":"<div class=\"mh-excerpt\">La bu\u00f1olense Ariadna Fuentes Valero se ha proclamado Subcampeona de la Comunidad Valenciana en Gimnasia R\u00edtmica en la fase Aut\u00f3n\u00f3mica Nacional Base de Gimnasia R\u00edtmica clasificatoria para el Campeonato Nacional celebrado este pasado domingo, 26 <a class=\"mh-excerpt-more\" href=\"https:\/\/www.tucomarca.com\/wordpress\/segunda\/la-bunolense-ariadna-fuentes-valero-se-proclama-subcampeona-de-la-comunidad-valenciana-en-gimnasia-ritmica\/\" title=\"La bu\u00f1olense Ariadna Fuentes Valero se proclama Subcampeona de la Comunidad Valenciana en Gimnasia R\u00edtmica\">[+] <\/a><\/div>\n","protected":false},"author":12,"featured_media":182191,"comment_status":"open","ping_status":"open","sticky":false,"template":"","format":"gallery","meta":{"footnotes":""},"categories":[18,6,8,10,199,3],"tags":[18966,10385,18967,170,5952],"class_list":{"0":"post-182185","1":"post","2":"type-post","3":"status-publish","4":"format-gallery","5":"has-post-thumbnail","7":"category-bunol","8":"category-deportes","9":"category-la-comarca","10":"category-la-hoya","11":"category-polideportivo","12":"category-seccion","13":"tag-ariadna-fuentes","14":"tag-bunol","15":"tag-club-cgr-manises","16":"tag-gimnasia-ritmica","17":"tag-la-hoya-de-bunol-chiva","18":"post_format-post-format-gallery"},"_links":{"self":[{"href":"https:\/\/www.tucomarca.com\/wordpress\/segunda\/wp-json\/wp\/v2\/posts\/182185","targetHints":{"allow":["GET"]}}],"collection":[{"href":"https:\/\/www.tucomarca.com\/wordpress\/segunda\/wp-json\/wp\/v2\/posts"}],"about":[{"href":"https:\/\/www.tucomarca.com\/wordpress\/segunda\/wp-json\/wp\/v2\/types\/post"}],"author":[{"embeddable":true,"href":"https:\/\/www.tucomarca.com\/wordpress\/segunda\/wp-json\/wp\/v2\/users\/12"}],"replies":[{"embeddable":true,"href":"https:\/\/www.tucomarca.com\/wordpress\/segunda\/wp-json\/wp\/v2\/comments?post=182185"}],"version-history":[{"count":0,"href":"https:\/\/www.tucomarca.com\/wordpress\/segunda\/wp-json\/wp\/v2\/posts\/182185\/revisions"}],"wp:featuredmedia":[{"embeddable":true,"href":"https:\/\/www.tucomarca.com\/wordpress\/segunda\/wp-json\/wp\/v2\/media\/182191"}],"wp:attachment":[{"href":"https:\/\/www.tucomarca.com\/wordpress\/segunda\/wp-json\/wp\/v2\/media?parent=182185"}],"wp:term":[{"taxonomy":"category","embeddable":true,"href":"https:\/\/www.tucomarca.com\/wordpress\/segunda\/wp-json\/wp\/v2\/categories?post=182185"},{"taxonomy":"post_tag","embeddable":true,"href":"https:\/\/www.tucomarca.com\/wordpress\/segunda\/wp-json\/wp\/v2\/tags?post=182185"}],"curies":[{"name":"wp","href":"https:\/\/api.w.org\/{rel}","templated":true}]}}