{"id":182217,"date":"2023-03-29T19:00:00","date_gmt":"2023-03-29T18:00:00","guid":{"rendered":"https:\/\/www.tucomarca.com\/wordpress\/segunda\/?p=182217"},"modified":"2023-03-29T19:47:53","modified_gmt":"2023-03-29T18:47:53","slug":"video-asi-han-disfrutado-de-la-tradicional-noche-de-las-albaes-2023-los-falleros-y-falleras-de-la-falla-el-mercat-de-turis","status":"publish","type":"post","link":"https:\/\/www.tucomarca.com\/wordpress\/segunda\/video-asi-han-disfrutado-de-la-tradicional-noche-de-las-albaes-2023-los-falleros-y-falleras-de-la-falla-el-mercat-de-turis\/","title":{"rendered":"V\u00eddeo: as\u00ed han disfrutado de la tradicional noche de las albaes 2023 los falleros y falleras de la Falla El Mercat de Tur\u00eds"},"content":{"rendered":"\n<figure class=\"wp-block-embed is-type-video is-provider-youtube wp-block-embed-youtube wp-embed-aspect-16-9 wp-has-aspect-ratio\"><div class=\"wp-block-embed__wrapper\">\n<iframe loading=\"lazy\" title=\"V\u00eddeo: Albaes Falles de Tur\u00eds 2023. Presidents i Falleres Majors Falla Pla\u00e7a del Mercat\" width=\"500\" height=\"281\" src=\"https:\/\/www.youtube.com\/embed\/UxCj9V8yaD8?feature=oembed\" frameborder=\"0\" allow=\"accelerometer; autoplay; clipboard-write; encrypted-media; gyroscope; picture-in-picture; web-share\" referrerpolicy=\"strict-origin-when-cross-origin\" allowfullscreen><\/iframe>\n<\/div><\/figure>\n\n\n\n<p>Los falleros y falleras de la comisi\u00f3n Plaza del Mercado de Tur\u00eds han disfrutado de la tradicional velada del canto de las albaes, tal como se puede ver en la videograbaci\u00f3n a cargo de&nbsp;<strong>tucomarca televisi\u00f3n<\/strong>&nbsp;de esta tradicional noche de las Fallas de Tur\u00eds 2023; unas albaes que ha sido interpretadas por el grupo de Cant Valenci\u00e0 del Puig de Santa Maria.<\/p>\n","protected":false},"excerpt":{"rendered":"<div class=\"mh-excerpt\">Los falleros y falleras de la comisi\u00f3n Plaza del Mercado de Tur\u00eds han disfrutado de la tradicional velada del canto de las albaes, tal como se puede ver en la videograbaci\u00f3n a cargo de&nbsp;tucomarca televisi\u00f3n&nbsp;de <a class=\"mh-excerpt-more\" href=\"https:\/\/www.tucomarca.com\/wordpress\/segunda\/video-asi-han-disfrutado-de-la-tradicional-noche-de-las-albaes-2023-los-falleros-y-falleras-de-la-falla-el-mercat-de-turis\/\" title=\"V\u00eddeo: as\u00ed han disfrutado de la tradicional noche de las albaes 2023 los falleros y falleras de la Falla El Mercat de Tur\u00eds\">[+] <\/a><\/div>\n","protected":false},"author":1,"featured_media":182221,"comment_status":"open","ping_status":"open","sticky":false,"template":"","format":"video","meta":{"footnotes":""},"categories":[66,8,72,42,5,7,383,3,43,45,26],"tags":[10466,80,3328,3640,10394],"class_list":{"0":"post-182217","1":"post","2":"type-post","3":"status-publish","4":"format-video","5":"has-post-thumbnail","7":"category-musica","8":"category-la-comarca","9":"category-sin-categorizar","10":"category-la-ribera","11":"category-la-semana-en-imagenes","12":"category-ocio-y-cultura","13":"category-pueblos-en-fiestas","14":"category-seccion","15":"category-turis","16":"category-ventana","17":"category-video","18":"tag-albaes","19":"tag-fallas","20":"tag-falles","21":"tag-la-ribera-alta","22":"tag-turis","23":"post_format-post-format-video"},"_links":{"self":[{"href":"https:\/\/www.tucomarca.com\/wordpress\/segunda\/wp-json\/wp\/v2\/posts\/182217","targetHints":{"allow":["GET"]}}],"collection":[{"href":"https:\/\/www.tucomarca.com\/wordpress\/segunda\/wp-json\/wp\/v2\/posts"}],"about":[{"href":"https:\/\/www.tucomarca.com\/wordpress\/segunda\/wp-json\/wp\/v2\/types\/post"}],"author":[{"embeddable":true,"href":"https:\/\/www.tucomarca.com\/wordpress\/segunda\/wp-json\/wp\/v2\/users\/1"}],"replies":[{"embeddable":true,"href":"https:\/\/www.tucomarca.com\/wordpress\/segunda\/wp-json\/wp\/v2\/comments?post=182217"}],"version-history":[{"count":0,"href":"https:\/\/www.tucomarca.com\/wordpress\/segunda\/wp-json\/wp\/v2\/posts\/182217\/revisions"}],"wp:featuredmedia":[{"embeddable":true,"href":"https:\/\/www.tucomarca.com\/wordpress\/segunda\/wp-json\/wp\/v2\/media\/182221"}],"wp:attachment":[{"href":"https:\/\/www.tucomarca.com\/wordpress\/segunda\/wp-json\/wp\/v2\/media?parent=182217"}],"wp:term":[{"taxonomy":"category","embeddable":true,"href":"https:\/\/www.tucomarca.com\/wordpress\/segunda\/wp-json\/wp\/v2\/categories?post=182217"},{"taxonomy":"post_tag","embeddable":true,"href":"https:\/\/www.tucomarca.com\/wordpress\/segunda\/wp-json\/wp\/v2\/tags?post=182217"}],"curies":[{"name":"wp","href":"https:\/\/api.w.org\/{rel}","templated":true}]}}