{"id":18235,"date":"2013-10-03T10:53:08","date_gmt":"2013-10-03T07:53:08","guid":{"rendered":"http:\/\/www.tucomarca.com\/wordpress\/segunda\/?p=18235"},"modified":"2013-10-03T10:54:39","modified_gmt":"2013-10-03T07:54:39","slug":"emotiva-clausura-de-la-muestra-del-reconocido-pintor-bunolense-juan-mas-en-la-sala-del-oscurico-del-castillo-del-municipio","status":"publish","type":"post","link":"https:\/\/www.tucomarca.com\/wordpress\/segunda\/emotiva-clausura-de-la-muestra-del-reconocido-pintor-bunolense-juan-mas-en-la-sala-del-oscurico-del-castillo-del-municipio\/","title":{"rendered":"Emotiva clausura de la muestra del reconocido pintor Juan Mas en la sala del Oscurico del castillo de Bu\u00f1ol"},"content":{"rendered":"<p><figure id=\"attachment_18236\" aria-describedby=\"caption-attachment-18236\" style=\"width: 300px\" class=\"wp-caption alignleft\"><a href=\"https:\/\/www.tucomarca.com\/wordpress\/segunda\/?attachment_id=18236\" rel=\"attachment wp-att-18236\"><img loading=\"lazy\" decoding=\"async\" src=\"https:\/\/www.tucomarca.com\/wordpress\/segunda\/wp-content\/uploads\/2013\/10\/juanmas-300x187.jpg\" alt=\"\" title=\"juanmas\" width=\"300\" height=\"187\" class=\"size-medium wp-image-18236\" srcset=\"https:\/\/www.tucomarca.com\/wordpress\/segunda\/wp-content\/uploads\/2013\/10\/juanmas-300x187.jpg 300w, https:\/\/www.tucomarca.com\/wordpress\/segunda\/wp-content\/uploads\/2013\/10\/juanmas.jpg 886w\" sizes=\"auto, (max-width: 300px) 100vw, 300px\" \/><\/a><figcaption id=\"caption-attachment-18236\" class=\"wp-caption-text\">El acto se desarroll\u00f3 en presencia de familiares, amigos y amantes de la pintura. tc.c<\/figcaption><\/figure>Como adelant\u00f3 este semanario en su edici\u00f3n impresa, la sala del Oscurico del castillo de Bu\u00f1ol acogi\u00f3 d\u00edas atr\u00e1s el acto de clausura de la muestra pict\u00f3rica del pintor bu\u00f1olense Juan Mas, que ha permanecido abierta desde el pasado mes de julio.<br \/>\nDurante los dos \u00faltimos meses, las obras de Juan Mas seleccionadas para la ocasi\u00f3n han dado una pincelada a la trayectoria de quien ha cosechado durante su carrera numerosos reconocimientos.<br \/>\nLa clausura cont\u00f3 con la participaci\u00f3n de Rom\u00e1n de la Calle \u2014Catedr\u00e1tico de Est\u00e9tica y Teor\u00eda del Arte de la Universidad de Valencia, presidente de la Real Academia de Bellas Artes de San Carlos y cr\u00edtico de arte\u2014 junto a Anacleto Ferrer \u2014profesor de Est\u00e9tica y Teor\u00eda del Arte de la Universidad de Valencia\u2014. Ambos elogiaron la figura y la actividad creativa del protagonista de esta cita cultural, abundando en aspectos como la \u00abvocaci\u00f3n\u00bb y el \u00aboficio\u00bb, tal como subray\u00f3 Anacleto Ferrer, quien invit\u00f3 adem\u00e1s a reflexionar sobre lo que motiva a una determinada persona a crear \u00absin  que nadie se lo haya pedido\u00bb.<br \/>\n\u00abUn artista \u2014a\u00f1adi\u00f3\u2014 debe saber combinar ambos aspectos, pues esta es la clave para la compresi\u00f3n de su trabajo\u00bb, seg\u00fan dijo.<br \/>\nPor su parte, Rom\u00e1n de la Calle prest\u00f3 especial atenci\u00f3n a \u00abla maestr\u00eda del pintor con el dibujo y el color\u00bb; as\u00ed como a su \u00abevoluci\u00f3n hacia la libertada a trav\u00e9s de su obra\u00bb: y subray\u00f3 tambi\u00e9n \u00absu faceta como docente que los tres compartimos\u00bb, tal como manifest\u00f3.<br \/>\nA la clausura se unieron muchos vecinos y representantes de las entidades culturales de la poblaci\u00f3n, quienes mostraron as\u00ed su gran respeto, cari\u00f1o y admiraci\u00f3n al protagonista de la muestra y a su trabajo.<br \/>\nLa actuaci\u00f3n del cuarteto de cuerda Senalag, con la interpretaci\u00f3n de una selecci\u00f3n de tangos, puso el broche a un d\u00eda que a buen seguro permanecer\u00e1 en el recuerdo de Juan Mas, quien agradeci\u00f3 durante su intervenci\u00f3n la realizaci\u00f3n de la muestra y se comprometi\u00f3 \u00aba seguir pintando y a disfrutar haci\u00e9ndolo como hasta ahora\u00bb.<\/p>\n","protected":false},"excerpt":{"rendered":"<div class=\"mh-excerpt\">Como adelant\u00f3 este semanario en su edici\u00f3n impresa, la sala del Oscurico del castillo de Bu\u00f1ol acogi\u00f3 d\u00edas atr\u00e1s el acto de clausura de la muestra pict\u00f3rica del pintor bu\u00f1olense Juan Mas, que ha permanecido <a class=\"mh-excerpt-more\" href=\"https:\/\/www.tucomarca.com\/wordpress\/segunda\/emotiva-clausura-de-la-muestra-del-reconocido-pintor-bunolense-juan-mas-en-la-sala-del-oscurico-del-castillo-del-municipio\/\" title=\"Emotiva clausura de la muestra del reconocido pintor Juan Mas en la sala del Oscurico del castillo de Bu\u00f1ol\">[+] <\/a><\/div>\n","protected":false},"author":2,"featured_media":18236,"comment_status":"open","ping_status":"open","sticky":false,"template":"","format":"standard","meta":{"footnotes":""},"categories":[18,8,10,7,92,3,45],"tags":[10385,903,443,1538],"class_list":{"0":"post-18235","1":"post","2":"type-post","3":"status-publish","4":"format-standard","5":"has-post-thumbnail","7":"category-bunol","8":"category-la-comarca","9":"category-la-hoya","10":"category-ocio-y-cultura","11":"category-pintura","12":"category-seccion","13":"category-ventana","14":"tag-bunol","15":"tag-clausura","16":"tag-exposicion","17":"tag-juan-mas"},"_links":{"self":[{"href":"https:\/\/www.tucomarca.com\/wordpress\/segunda\/wp-json\/wp\/v2\/posts\/18235","targetHints":{"allow":["GET"]}}],"collection":[{"href":"https:\/\/www.tucomarca.com\/wordpress\/segunda\/wp-json\/wp\/v2\/posts"}],"about":[{"href":"https:\/\/www.tucomarca.com\/wordpress\/segunda\/wp-json\/wp\/v2\/types\/post"}],"author":[{"embeddable":true,"href":"https:\/\/www.tucomarca.com\/wordpress\/segunda\/wp-json\/wp\/v2\/users\/2"}],"replies":[{"embeddable":true,"href":"https:\/\/www.tucomarca.com\/wordpress\/segunda\/wp-json\/wp\/v2\/comments?post=18235"}],"version-history":[{"count":0,"href":"https:\/\/www.tucomarca.com\/wordpress\/segunda\/wp-json\/wp\/v2\/posts\/18235\/revisions"}],"wp:featuredmedia":[{"embeddable":true,"href":"https:\/\/www.tucomarca.com\/wordpress\/segunda\/wp-json\/wp\/v2\/media\/18236"}],"wp:attachment":[{"href":"https:\/\/www.tucomarca.com\/wordpress\/segunda\/wp-json\/wp\/v2\/media?parent=18235"}],"wp:term":[{"taxonomy":"category","embeddable":true,"href":"https:\/\/www.tucomarca.com\/wordpress\/segunda\/wp-json\/wp\/v2\/categories?post=18235"},{"taxonomy":"post_tag","embeddable":true,"href":"https:\/\/www.tucomarca.com\/wordpress\/segunda\/wp-json\/wp\/v2\/tags?post=18235"}],"curies":[{"name":"wp","href":"https:\/\/api.w.org\/{rel}","templated":true}]}}