{"id":182430,"date":"2023-03-31T18:00:00","date_gmt":"2023-03-31T17:00:00","guid":{"rendered":"https:\/\/www.tucomarca.com\/wordpress\/segunda\/?p=182430"},"modified":"2023-03-31T18:55:44","modified_gmt":"2023-03-31T17:55:44","slug":"video-el-casal-de-la-falla-els-barris-acoge-el-broche-a-las-albaes-de-las-fallas-2023-de-turis","status":"publish","type":"post","link":"https:\/\/www.tucomarca.com\/wordpress\/segunda\/video-el-casal-de-la-falla-els-barris-acoge-el-broche-a-las-albaes-de-las-fallas-2023-de-turis\/","title":{"rendered":"V\u00eddeo: el casal de la Falla Els Barris acoge el broche a las albaes de las Fallas 2023 de Tur\u00eds"},"content":{"rendered":"\n<figure class=\"wp-block-embed is-type-video is-provider-youtube wp-block-embed-youtube wp-embed-aspect-16-9 wp-has-aspect-ratio\"><div class=\"wp-block-embed__wrapper\">\n<iframe loading=\"lazy\" title=\"V\u00eddeo: Albaes Falles Tur\u00eds 2023. Presidents i Falleres Majors Falla Els Barris.\" width=\"500\" height=\"281\" src=\"https:\/\/www.youtube.com\/embed\/_d__h8SUspw?feature=oembed\" frameborder=\"0\" allow=\"accelerometer; autoplay; clipboard-write; encrypted-media; gyroscope; picture-in-picture; web-share\" referrerpolicy=\"strict-origin-when-cross-origin\" allowfullscreen><\/iframe>\n<\/div><\/figure>\n\n\n\n<p>El casal de la comisi\u00f3n de Els Barris ha sido el espacio en el que se ha puesto el broche a la noche de las albaes de Tur\u00eds en estas Fallas 2023; unas albaes que como es tradici\u00f3n preludian el inicio de las fiestas falleras en la localidad. La velada la ha recogido, un a\u00f1o m\u00e1s,&nbsp;<strong>tucomarca televisi\u00f3n<\/strong> en este v\u00eddeo cantadas por el grupo de Cant Valenci\u00e0 del Puig de Santa Mar\u00eda.<\/p>\n","protected":false},"excerpt":{"rendered":"<div class=\"mh-excerpt\">El casal de la comisi\u00f3n de Els Barris ha sido el espacio en el que se ha puesto el broche a la noche de las albaes de Tur\u00eds en estas Fallas 2023; unas albaes que <a class=\"mh-excerpt-more\" href=\"https:\/\/www.tucomarca.com\/wordpress\/segunda\/video-el-casal-de-la-falla-els-barris-acoge-el-broche-a-las-albaes-de-las-fallas-2023-de-turis\/\" title=\"V\u00eddeo: el casal de la Falla Els Barris acoge el broche a las albaes de las Fallas 2023 de Tur\u00eds\">[+] <\/a><\/div>\n","protected":false},"author":1,"featured_media":182438,"comment_status":"open","ping_status":"open","sticky":false,"template":"","format":"video","meta":{"footnotes":""},"categories":[66,8,72,42,5,7,383,3,43,45,26],"tags":[10466,80,3328,3640,10394],"class_list":{"0":"post-182430","1":"post","2":"type-post","3":"status-publish","4":"format-video","5":"has-post-thumbnail","7":"category-musica","8":"category-la-comarca","9":"category-sin-categorizar","10":"category-la-ribera","11":"category-la-semana-en-imagenes","12":"category-ocio-y-cultura","13":"category-pueblos-en-fiestas","14":"category-seccion","15":"category-turis","16":"category-ventana","17":"category-video","18":"tag-albaes","19":"tag-fallas","20":"tag-falles","21":"tag-la-ribera-alta","22":"tag-turis","23":"post_format-post-format-video"},"_links":{"self":[{"href":"https:\/\/www.tucomarca.com\/wordpress\/segunda\/wp-json\/wp\/v2\/posts\/182430","targetHints":{"allow":["GET"]}}],"collection":[{"href":"https:\/\/www.tucomarca.com\/wordpress\/segunda\/wp-json\/wp\/v2\/posts"}],"about":[{"href":"https:\/\/www.tucomarca.com\/wordpress\/segunda\/wp-json\/wp\/v2\/types\/post"}],"author":[{"embeddable":true,"href":"https:\/\/www.tucomarca.com\/wordpress\/segunda\/wp-json\/wp\/v2\/users\/1"}],"replies":[{"embeddable":true,"href":"https:\/\/www.tucomarca.com\/wordpress\/segunda\/wp-json\/wp\/v2\/comments?post=182430"}],"version-history":[{"count":0,"href":"https:\/\/www.tucomarca.com\/wordpress\/segunda\/wp-json\/wp\/v2\/posts\/182430\/revisions"}],"wp:featuredmedia":[{"embeddable":true,"href":"https:\/\/www.tucomarca.com\/wordpress\/segunda\/wp-json\/wp\/v2\/media\/182438"}],"wp:attachment":[{"href":"https:\/\/www.tucomarca.com\/wordpress\/segunda\/wp-json\/wp\/v2\/media?parent=182430"}],"wp:term":[{"taxonomy":"category","embeddable":true,"href":"https:\/\/www.tucomarca.com\/wordpress\/segunda\/wp-json\/wp\/v2\/categories?post=182430"},{"taxonomy":"post_tag","embeddable":true,"href":"https:\/\/www.tucomarca.com\/wordpress\/segunda\/wp-json\/wp\/v2\/tags?post=182430"}],"curies":[{"name":"wp","href":"https:\/\/api.w.org\/{rel}","templated":true}]}}