{"id":182459,"date":"2023-03-31T17:00:00","date_gmt":"2023-03-31T16:00:00","guid":{"rendered":"https:\/\/www.tucomarca.com\/wordpress\/segunda\/?p=182459"},"modified":"2023-03-31T19:06:15","modified_gmt":"2023-03-31T18:06:15","slug":"sanidad-notifica-8-fallecimientos-y-906-nuevos-casos-de-coronavirus-en-la-comunitat-valenciana-501-de-ellos-en-personas-mayores-de-60-anos","status":"publish","type":"post","link":"https:\/\/www.tucomarca.com\/wordpress\/segunda\/sanidad-notifica-8-fallecimientos-y-906-nuevos-casos-de-coronavirus-en-la-comunitat-valenciana-501-de-ellos-en-personas-mayores-de-60-anos\/","title":{"rendered":"Sanidad notifica 8 fallecimientos y 906 nuevos casos de coronavirus en la Comunitat Valenciana, 501 de ellos en personas mayores de 60 a\u00f1os"},"content":{"rendered":"\n<h3 class=\"wp-block-heading\"><strong>Los hospitales valencianos tienen 187 personas ingresadas por COVID, 5 de ellas en la UCI<\/strong><\/h3>\n\n\n\n<p>La Conselleria de Sanidad Universal y Salud P\u00fablica ha notificado un total de 906 nuevos casos de coronavirus confirmados por prueba PCR o a trav\u00e9s de test de ant\u00edgenos desde la \u00faltima actualizaci\u00f3n el pasado viernes. Los nuevos casos por provincias son 172 en Castell\u00f3n (196.840 en total), 160 en Alicante (537.007 en total) y 574 en Valencia (856.196 en total).<\/p>\n\n\n\n<p>De ellos, 501 son personas mayores de 60 a\u00f1os. Por provincias: 88 de Castell\u00f3n, 117 de Alicante y 296 de Valencia.<\/p>\n\n\n\n<p>Los hospitales valencianos tienen actualmente 187 personas ingresadas por COVID, 5 de ellas en la UCI: 39 en la provincia de Castell\u00f3n, 3 en UCI; 40 en la provincia de Alicante, 0 de ellas en la UCI, y 108 en la provincia de Valencia, 2 en UCI.<\/p>\n\n\n\n<p>Se han notificado 8 fallecimientos por coronavirus desde la \u00faltima actualizaci\u00f3n, todos con fecha de defunci\u00f3n en los \u00faltimos 7 d\u00edas. Se trata de 5 mujeres, de entre 77 y 90 a\u00f1os, y 3 hombres de entre 55 y 80 a\u00f1os. El total de decesos desde el inicio de la pandemia asciende a 10.459: 1.267 en la provincia de Castell\u00f3n, 3.965 en la de Alicante y 5.227 en la de Valencia.<\/p>\n","protected":false},"excerpt":{"rendered":"<div class=\"mh-excerpt\">Los hospitales valencianos tienen 187 personas ingresadas por COVID, 5 de ellas en la UCI La Conselleria de Sanidad Universal y Salud P\u00fablica ha notificado un total de 906 nuevos casos de coronavirus confirmados por <a class=\"mh-excerpt-more\" href=\"https:\/\/www.tucomarca.com\/wordpress\/segunda\/sanidad-notifica-8-fallecimientos-y-906-nuevos-casos-de-coronavirus-en-la-comunitat-valenciana-501-de-ellos-en-personas-mayores-de-60-anos\/\" title=\"Sanidad notifica 8 fallecimientos y 906 nuevos casos de coronavirus en la Comunitat Valenciana, 501 de ellos en personas mayores de 60 a\u00f1os\">[+] <\/a><\/div>\n","protected":false},"author":1,"featured_media":150985,"comment_status":"open","ping_status":"open","sticky":false,"template":"","format":"standard","meta":{"footnotes":""},"categories":[119,12201,128,8,72,117,3,116],"tags":[11937,11938,2142],"class_list":{"0":"post-182459","1":"post","2":"type-post","3":"status-publish","4":"format-standard","5":"has-post-thumbnail","7":"category-sanidad-la-comarca","8":"category-covid-19","9":"category-infraestructuras","10":"category-la-comarca","11":"category-sin-categorizar","12":"category-medio-ambiente-la-comarca","13":"category-seccion","14":"category-sucesos-la-comarca","15":"tag-coronavirus","16":"tag-covid-19","17":"tag-la-comunitat"},"_links":{"self":[{"href":"https:\/\/www.tucomarca.com\/wordpress\/segunda\/wp-json\/wp\/v2\/posts\/182459","targetHints":{"allow":["GET"]}}],"collection":[{"href":"https:\/\/www.tucomarca.com\/wordpress\/segunda\/wp-json\/wp\/v2\/posts"}],"about":[{"href":"https:\/\/www.tucomarca.com\/wordpress\/segunda\/wp-json\/wp\/v2\/types\/post"}],"author":[{"embeddable":true,"href":"https:\/\/www.tucomarca.com\/wordpress\/segunda\/wp-json\/wp\/v2\/users\/1"}],"replies":[{"embeddable":true,"href":"https:\/\/www.tucomarca.com\/wordpress\/segunda\/wp-json\/wp\/v2\/comments?post=182459"}],"version-history":[{"count":0,"href":"https:\/\/www.tucomarca.com\/wordpress\/segunda\/wp-json\/wp\/v2\/posts\/182459\/revisions"}],"wp:featuredmedia":[{"embeddable":true,"href":"https:\/\/www.tucomarca.com\/wordpress\/segunda\/wp-json\/wp\/v2\/media\/150985"}],"wp:attachment":[{"href":"https:\/\/www.tucomarca.com\/wordpress\/segunda\/wp-json\/wp\/v2\/media?parent=182459"}],"wp:term":[{"taxonomy":"category","embeddable":true,"href":"https:\/\/www.tucomarca.com\/wordpress\/segunda\/wp-json\/wp\/v2\/categories?post=182459"},{"taxonomy":"post_tag","embeddable":true,"href":"https:\/\/www.tucomarca.com\/wordpress\/segunda\/wp-json\/wp\/v2\/tags?post=182459"}],"curies":[{"name":"wp","href":"https:\/\/api.w.org\/{rel}","templated":true}]}}