{"id":182843,"date":"2023-04-06T14:00:00","date_gmt":"2023-04-06T13:00:00","guid":{"rendered":"https:\/\/www.tucomarca.com\/wordpress\/segunda\/?p=182843"},"modified":"2023-04-08T10:15:17","modified_gmt":"2023-04-08T09:15:17","slug":"se-presenta-en-cheste-el-corto-documental-la-memoria-de-nuestros-arboles","status":"publish","type":"post","link":"https:\/\/www.tucomarca.com\/wordpress\/segunda\/se-presenta-en-cheste-el-corto-documental-la-memoria-de-nuestros-arboles\/","title":{"rendered":"Se presenta en Cheste el corto documental <em>La Memoria de nuestros \u00e1rboles<\/em>"},"content":{"rendered":"\n<figure class=\"wp-block-gallery has-nested-images columns-default is-cropped wp-block-gallery-1 is-layout-flex wp-block-gallery-is-layout-flex\">\n<figure class=\"wp-block-image size-large\"><img loading=\"lazy\" decoding=\"async\" width=\"886\" height=\"591\" data-id=\"182849\" src=\"https:\/\/www.tucomarca.com\/wordpress\/segunda\/wp-content\/uploads\/2023\/04\/Cheste_MemoriaNuestrosArboles_3.jpg\" alt=\"\" class=\"wp-image-182849\" srcset=\"https:\/\/www.tucomarca.com\/wordpress\/segunda\/wp-content\/uploads\/2023\/04\/Cheste_MemoriaNuestrosArboles_3.jpg 886w, https:\/\/www.tucomarca.com\/wordpress\/segunda\/wp-content\/uploads\/2023\/04\/Cheste_MemoriaNuestrosArboles_3-300x200.jpg 300w, https:\/\/www.tucomarca.com\/wordpress\/segunda\/wp-content\/uploads\/2023\/04\/Cheste_MemoriaNuestrosArboles_3-768x512.jpg 768w\" sizes=\"auto, (max-width: 886px) 100vw, 886px\" \/><\/figure>\n\n\n\n<figure class=\"wp-block-image size-large\"><img loading=\"lazy\" decoding=\"async\" width=\"886\" height=\"591\" data-id=\"182847\" src=\"https:\/\/www.tucomarca.com\/wordpress\/segunda\/wp-content\/uploads\/2023\/04\/Cheste_MemoriaNuestrosArboles_2.jpg\" alt=\"\" class=\"wp-image-182847\" srcset=\"https:\/\/www.tucomarca.com\/wordpress\/segunda\/wp-content\/uploads\/2023\/04\/Cheste_MemoriaNuestrosArboles_2.jpg 886w, https:\/\/www.tucomarca.com\/wordpress\/segunda\/wp-content\/uploads\/2023\/04\/Cheste_MemoriaNuestrosArboles_2-300x200.jpg 300w, https:\/\/www.tucomarca.com\/wordpress\/segunda\/wp-content\/uploads\/2023\/04\/Cheste_MemoriaNuestrosArboles_2-768x512.jpg 768w\" sizes=\"auto, (max-width: 886px) 100vw, 886px\" \/><\/figure>\n<\/figure>\n\n\n\n<p>El sal\u00f3n de actos de la Asociaci\u00f3n Ateneo La Alianza se llen\u00f3 el pasado lunes 3 de abril, con motivo de la presentaci\u00f3n del corto documental <em>La Memoria de nuestros \u00e1rboles, <\/em>a cargo de la educadora ambiental del Ayuntamiento, Sandra Fraile, impulsora de este proyecto que tiene como objetivo concienciar a la poblaci\u00f3n sobre el valor de los \u00e1rboles a trav\u00e9s de la recopilaci\u00f3n de historias vividas en torno a ejemplares singulares de Cheste.<\/p>\n\n\n\n<p>\u201cEspero que hoy os vay\u00e1is de aqu\u00ed m\u00e1s concienciados y que aprend\u00e1is algo sobre los \u00e1rboles, esos seres inteligentes y con una capacidad de adaptaci\u00f3n sorprendente, los seres vivos m\u00e1s solidarios e imprescindibles que existen, ya que aportan mucho y piden muy poco, aunque a\u00fan as\u00ed todav\u00eda son maltratados, ninguneados y olvidados. Desde el momento en que empec\u00e9 a entender los \u00e1rboles y sus diferentes especies no he podido parar de fascinarme con ellos y me duele cada vez que un ejemplar es tratado como un objeto meramente decorativo o inerte, sin vida, al que se le puede hacer cualquier cosa\u201d, apuntaba Fraile durante la presentaci\u00f3n.<\/p>\n\n\n\n<p>Tal y como explic\u00f3 la educadora ambiental, desde que empez\u00f3 a trabajar en el Ayuntamiento, en marzo de 2022, tuvo como objetivo concienciar a la poblaci\u00f3n sobre el respeto al \u00e1rbol y, a partir de esa idea, se fue fraguando el proyecto. \u201cCheste no es un pueblo en el que predominen \u00e1rboles grandes y viejos, por lo que ha sido complejo encontrar ejemplares interesantes y gente que quisiera contar sus historias, pero gracias a la personas que se fueron involucrando, fueron apareciendo esos testimonios de los \u00e1rboles que nos han visto crecer, nos han dado ox\u00edgeno, sombra y alimento. Ojal\u00e1 que a partir de hoy surjan muchos m\u00e1s para que podamos contarlos en el pr\u00f3ximo cap\u00edtulo. Agradezco a todas las personas que han hecho posible la realizaci\u00f3n de este documental para que la historia de estos \u00e1rboles no se olviden. Por m\u00e1s arboles sanos y viejos en nuestras calles y montes, por m\u00e1s vecinos y vecinas de Cheste queriendo y cuidando a sus \u00e1rboles en sus calles\u201d, destacaba Fraile antes de dar paso a la proyecci\u00f3n.<\/p>\n","protected":false},"excerpt":{"rendered":"<div class=\"mh-excerpt\">El sal\u00f3n de actos de la Asociaci\u00f3n Ateneo La Alianza se llen\u00f3 el pasado lunes 3 de abril, con motivo de la presentaci\u00f3n del corto documental La Memoria de nuestros \u00e1rboles, a cargo de la <a class=\"mh-excerpt-more\" href=\"https:\/\/www.tucomarca.com\/wordpress\/segunda\/se-presenta-en-cheste-el-corto-documental-la-memoria-de-nuestros-arboles\/\" title=\"Se presenta en Cheste el corto documental La Memoria de nuestros \u00e1rboles\">[+] <\/a><\/div>\n","protected":false},"author":12,"featured_media":182845,"comment_status":"open","ping_status":"open","sticky":false,"template":"","format":"gallery","meta":{"footnotes":""},"categories":[169,17,128,8,10,117,7,3],"tags":[339,5952,107,19011],"class_list":{"0":"post-182843","1":"post","2":"type-post","3":"status-publish","4":"format-gallery","5":"has-post-thumbnail","7":"category-agricultura-la-comarca","8":"category-cheste","9":"category-infraestructuras","10":"category-la-comarca","11":"category-la-hoya","12":"category-medio-ambiente-la-comarca","13":"category-ocio-y-cultura","14":"category-seccion","15":"tag-cheste-2","16":"tag-la-hoya-de-bunol-chiva","17":"tag-medio-ambiente","18":"tag-memoria-de-nuestros-arboles","19":"post_format-post-format-gallery"},"_links":{"self":[{"href":"https:\/\/www.tucomarca.com\/wordpress\/segunda\/wp-json\/wp\/v2\/posts\/182843","targetHints":{"allow":["GET"]}}],"collection":[{"href":"https:\/\/www.tucomarca.com\/wordpress\/segunda\/wp-json\/wp\/v2\/posts"}],"about":[{"href":"https:\/\/www.tucomarca.com\/wordpress\/segunda\/wp-json\/wp\/v2\/types\/post"}],"author":[{"embeddable":true,"href":"https:\/\/www.tucomarca.com\/wordpress\/segunda\/wp-json\/wp\/v2\/users\/12"}],"replies":[{"embeddable":true,"href":"https:\/\/www.tucomarca.com\/wordpress\/segunda\/wp-json\/wp\/v2\/comments?post=182843"}],"version-history":[{"count":0,"href":"https:\/\/www.tucomarca.com\/wordpress\/segunda\/wp-json\/wp\/v2\/posts\/182843\/revisions"}],"wp:featuredmedia":[{"embeddable":true,"href":"https:\/\/www.tucomarca.com\/wordpress\/segunda\/wp-json\/wp\/v2\/media\/182845"}],"wp:attachment":[{"href":"https:\/\/www.tucomarca.com\/wordpress\/segunda\/wp-json\/wp\/v2\/media?parent=182843"}],"wp:term":[{"taxonomy":"category","embeddable":true,"href":"https:\/\/www.tucomarca.com\/wordpress\/segunda\/wp-json\/wp\/v2\/categories?post=182843"},{"taxonomy":"post_tag","embeddable":true,"href":"https:\/\/www.tucomarca.com\/wordpress\/segunda\/wp-json\/wp\/v2\/tags?post=182843"}],"curies":[{"name":"wp","href":"https:\/\/api.w.org\/{rel}","templated":true}]}}